{"id":9869,"date":"2022-02-05T16:40:20","date_gmt":"2022-02-05T15:40:20","guid":{"rendered":"https:\/\/www.climbat.com\/la-foixarda-barcelona\/?p=9869"},"modified":"2022-06-30T18:01:04","modified_gmt":"2022-06-30T18:01:04","slug":"del-roco-a-la-roca-2","status":"publish","type":"post","link":"https:\/\/climbat.com\/ca\/del-roco-a-la-roca-2\/","title":{"rendered":"DEL ROCO A LA ROCA"},"content":{"rendered":"<table class=\"rnb-columns-container\" border=\"0\" width=\"100%\" cellspacing=\"0\" cellpadding=\"0\">\n<tbody>\n<tr>\n<th class=\"rnb-force-col\" valign=\"top\">\n<table class=\"rnb-col-1\" border=\"0\" width=\"100%\" cellspacing=\"0\" cellpadding=\"0\" align=\"left\">\n<tbody>\n<tr>\n<td>\n<div>\n<div style=\"text-align: left;\">Vols posar en pr\u00e0ctica tots els teus coneixements ara, al medi natural?<\/div>\n<div style=\"text-align: left;\">En aquest taller refor\u00e7ar\u00e0s i aprendr\u00e0s nous coneixements de la m\u00e0 dels nostres t\u00e8cnics principalment en zones d&#8217;escalada de la prov\u00edncia de Barcelona.<strong>&nbsp;&#8220;Del roco a la roca&#8221;<\/strong>&nbsp;\u00e9s una oportunitat \u00fanica per provar l&#8217;escalada en roca despr\u00e9s d&#8217;haver practicat al roc\u00f2drom.<\/div>\n<div style=\"text-align: left;\">&nbsp;<\/div>\n<ul style=\"text-align: left;\">\n<li><strong>Data: 27 de febrer i 27 de mar\u00e7.<\/strong><\/li>\n<li><strong>Durada:&nbsp;<\/strong>De 10:00h a 16:00h<\/li>\n<li><strong>Preu:<\/strong>&nbsp;55 \u20ac<\/li>\n<li><strong>Inclou:<\/strong>&nbsp;Un t\u00e8cnic esportiu d\u2019escalada nivell 2 i cordes i dispositius de seguretat.<\/li>\n<\/ul>\n<div style=\"text-align: left;\">Est\u00e0 dirigit als integrants del curs d&#8217;iniciaci\u00f3, base o grups d&#8217;escalada en primera inst\u00e0ncia. Podent-inscriure, sempre que hi hagi places, socis de Climbat i no socis per aquest ordre de prefer\u00e8ncia.<\/div>\n<div style=\"text-align: left;\">Per poder accedir a aquest taller cal complir com a m\u00ednim un d&#8217;aquests requisits:<\/div>\n<div style=\"text-align: left;\">&nbsp;<\/div>\n<ul style=\"text-align: left;\">\n<li>Haver realitzat, almenys, el curs d&#8217;iniciaci\u00f3 per a realitzar la sortida b\u00e0sica a roca.<\/li>\n<li>Haver realitzat el curs base per inscriure\u2019s a la sortida nivell intermedi.<\/li>\n<li>Estar inscrit en un grup d&#8217;escalada per realitzar la sortida nivell intermedi-expert.<\/li>\n<li>Si no s\u2019ha realitzat cap curs i existeix l\u2019opci\u00f3 d\u2019inscriure\u2019s a la sortida per disponibilitat de places lliures s\u2019haur\u00e0 d\u2019acreditar el nivell d\u2019escalada a trav\u00e9s de la realitzaci\u00f3 de classes personalitzades amb algun t\u00e8cnic o t\u00e8cnica de Climbat.<\/li>\n<\/ul>\n<div style=\"text-align: left;\"><strong>Vols m\u00e9s informaci\u00f3?<\/strong><\/div>\n<div style=\"text-align: left;\">Contacta amb nosaltres a trav\u00e9s de&nbsp;<a href=\"mailto:lafoixarda@climbat.com?subject=Del%20roco%20a%20la%20roca\">lafoixarda@climbat.com<\/a>&nbsp;o trucant al tel\u00e8fon&nbsp;<strong>+34 93 292 54 80.<\/strong><\/div>\n<\/div>\n<\/td>\n<\/tr>\n<\/tbody>\n<\/table>\n<\/th>\n<\/tr>\n<\/tbody>\n<\/table>\n","protected":false},"excerpt":{"rendered":"<p>Vols posar en pr\u00e0ctica tots els teus coneixements ara, al medi natural? En aquest taller refor\u00e7ar\u00e0s i aprendr\u00e0s nous coneixements de la m\u00e0 dels nostres t\u00e8cnics principalment en zones d&#8217;escalada de la prov\u00edncia de Barcelona.&nbsp;&#8220;Del roco a la roca&#8221;&nbsp;\u00e9s una oportunitat \u00fanica per provar l&#8217;escalada en roca despr\u00e9s d&#8217;haver practicat al roc\u00f2drom. &nbsp; Data: 27 de febrer i 27 de mar\u00e7. Durada:&nbsp;De 10:00h a 16:00h Preu:&nbsp;55 \u20ac Inclou:&nbsp;Un t\u00e8cnic esportiu d\u2019escalada nivell 2 i cordes i dispositius de seguretat. Est\u00e0 dirigit als integrants del curs d&#8217;iniciaci\u00f3, base o grups d&#8217;escalada en primera inst\u00e0ncia. Podent-inscriure, sempre que hi hagi places, socis de Climbat i no socis per aquest ordre de prefer\u00e8ncia. Per poder accedir a aquest taller cal complir com a m\u00ednim un d&#8217;aquests requisits: &nbsp; Haver realitzat, almenys, el curs d&#8217;iniciaci\u00f3 per a realitzar la sortida b\u00e0sica a roca. Haver realitzat el curs base per inscriure\u2019s a la sortida nivell intermedi. Estar inscrit en un grup d&#8217;escalada per realitzar la sortida nivell intermedi-expert. Si no s\u2019ha realitzat cap curs i existeix l\u2019opci\u00f3 d\u2019inscriure\u2019s a la sortida per disponibilitat de places lliures s\u2019haur\u00e0 d\u2019acreditar el nivell d\u2019escalada a trav\u00e9s de la realitzaci\u00f3 de classes personalitzades amb algun t\u00e8cnic o t\u00e8cnica de&#8230;<\/p>\n","protected":false},"author":2,"featured_media":9870,"comment_status":"open","ping_status":"open","sticky":false,"template":"","format":"standard","meta":{"footnotes":""},"categories":[1],"tags":[],"categoria_centro":[101],"acf":[],"yoast_head":"<!-- This site is optimized with the Yoast SEO plugin v22.5 - https:\/\/yoast.com\/wordpress\/plugins\/seo\/ -->\n<title>DEL ROCO A LA ROCA - Inicio - Climbat | Climbing gyms<\/title>\n<meta name=\"robots\" content=\"index, follow, max-snippet:-1, max-image-preview:large, max-video-preview:-1\" \/>\n<link rel=\"canonical\" href=\"https:\/\/climbat.com\/ca\/del-roco-a-la-roca-2\/\" \/>\n<meta property=\"og:locale\" content=\"en_US\" \/>\n<meta property=\"og:type\" content=\"article\" \/>\n<meta property=\"og:title\" content=\"DEL ROCO A LA ROCA - Inicio - Climbat | Climbing gyms\" \/>\n<meta property=\"og:description\" content=\"Vols posar en pr\u00e0ctica tots els teus coneixements ara, al medi natural? En aquest taller refor\u00e7ar\u00e0s i aprendr\u00e0s nous coneixements de la m\u00e0 dels nostres t\u00e8cnics principalment en zones d&#8217;escalada de la prov\u00edncia de Barcelona.&nbsp;&#8220;Del roco a la roca&#8221;&nbsp;\u00e9s una oportunitat \u00fanica per provar l&#8217;escalada en roca despr\u00e9s d&#8217;haver practicat al roc\u00f2drom. &nbsp; Data: 27 de febrer i 27 de mar\u00e7. Durada:&nbsp;De 10:00h a 16:00h Preu:&nbsp;55 \u20ac Inclou:&nbsp;Un t\u00e8cnic esportiu d\u2019escalada nivell 2 i cordes i dispositius de seguretat. Est\u00e0 dirigit als integrants del curs d&#8217;iniciaci\u00f3, base o grups d&#8217;escalada en primera inst\u00e0ncia. Podent-inscriure, sempre que hi hagi places, socis de Climbat i no socis per aquest ordre de prefer\u00e8ncia. Per poder accedir a aquest taller cal complir com a m\u00ednim un d&#8217;aquests requisits: &nbsp; Haver realitzat, almenys, el curs d&#8217;iniciaci\u00f3 per a realitzar la sortida b\u00e0sica a roca. Haver realitzat el curs base per inscriure\u2019s a la sortida nivell intermedi. Estar inscrit en un grup d&#8217;escalada per realitzar la sortida nivell intermedi-expert. Si no s\u2019ha realitzat cap curs i existeix l\u2019opci\u00f3 d\u2019inscriure\u2019s a la sortida per disponibilitat de places lliures s\u2019haur\u00e0 d\u2019acreditar el nivell d\u2019escalada a trav\u00e9s de la realitzaci\u00f3 de classes personalitzades amb algun t\u00e8cnic o t\u00e8cnica de...\" \/>\n<meta property=\"og:url\" content=\"https:\/\/climbat.com\/ca\/del-roco-a-la-roca-2\/\" \/>\n<meta property=\"og:site_name\" content=\"Inicio - Climbat | Climbing gyms\" \/>\n<meta property=\"article:published_time\" content=\"2022-02-05T15:40:20+00:00\" \/>\n<meta property=\"article:modified_time\" content=\"2022-06-30T18:01:04+00:00\" \/>\n<meta property=\"og:image\" content=\"https:\/\/climbat.com\/wp-content\/uploads\/2022\/02\/ROCO-ROCA.jpeg\" \/>\n\t<meta property=\"og:image:width\" content=\"1920\" \/>\n\t<meta property=\"og:image:height\" content=\"1135\" \/>\n\t<meta property=\"og:image:type\" content=\"image\/jpeg\" \/>\n<meta name=\"author\" content=\"Climbatweb\" \/>\n<meta name=\"twitter:card\" content=\"summary_large_image\" \/>\n<meta name=\"twitter:label1\" content=\"Written by\" \/>\n\t<meta name=\"twitter:data1\" content=\"Climbatweb\" \/>\n\t<meta name=\"twitter:label2\" content=\"Est. reading time\" \/>\n\t<meta name=\"twitter:data2\" content=\"1 minute\" \/>\n<script type=\"application\/ld+json\" class=\"yoast-schema-graph\">{\"@context\":\"https:\/\/schema.org\",\"@graph\":[{\"@type\":\"WebPage\",\"@id\":\"https:\/\/climbat.com\/ca\/del-roco-a-la-roca-2\/\",\"url\":\"https:\/\/climbat.com\/ca\/del-roco-a-la-roca-2\/\",\"name\":\"DEL ROCO A LA ROCA - Inicio - Climbat | Climbing gyms\",\"isPartOf\":{\"@id\":\"https:\/\/climbat.com\/#website\"},\"primaryImageOfPage\":{\"@id\":\"https:\/\/climbat.com\/ca\/del-roco-a-la-roca-2\/#primaryimage\"},\"image\":{\"@id\":\"https:\/\/climbat.com\/ca\/del-roco-a-la-roca-2\/#primaryimage\"},\"thumbnailUrl\":\"https:\/\/climbat.com\/wp-content\/uploads\/2022\/02\/ROCO-ROCA.jpeg\",\"datePublished\":\"2022-02-05T15:40:20+00:00\",\"dateModified\":\"2022-06-30T18:01:04+00:00\",\"author\":{\"@id\":\"https:\/\/climbat.com\/#\/schema\/person\/b510ff776a42bc3b4aa2ef8abe8bf6d7\"},\"breadcrumb\":{\"@id\":\"https:\/\/climbat.com\/ca\/del-roco-a-la-roca-2\/#breadcrumb\"},\"inLanguage\":\"cat\",\"potentialAction\":[{\"@type\":\"ReadAction\",\"target\":[\"https:\/\/climbat.com\/ca\/del-roco-a-la-roca-2\/\"]}]},{\"@type\":\"ImageObject\",\"inLanguage\":\"cat\",\"@id\":\"https:\/\/climbat.com\/ca\/del-roco-a-la-roca-2\/#primaryimage\",\"url\":\"https:\/\/climbat.com\/wp-content\/uploads\/2022\/02\/ROCO-ROCA.jpeg\",\"contentUrl\":\"https:\/\/climbat.com\/wp-content\/uploads\/2022\/02\/ROCO-ROCA.jpeg\",\"width\":1920,\"height\":1135},{\"@type\":\"BreadcrumbList\",\"@id\":\"https:\/\/climbat.com\/ca\/del-roco-a-la-roca-2\/#breadcrumb\",\"itemListElement\":[{\"@type\":\"ListItem\",\"position\":1,\"name\":\"Portada\",\"item\":\"https:\/\/climbat.com\/ca\/\"},{\"@type\":\"ListItem\",\"position\":2,\"name\":\"DEL ROCO A LA ROCA\"}]},{\"@type\":\"WebSite\",\"@id\":\"https:\/\/climbat.com\/#website\",\"url\":\"https:\/\/climbat.com\/\",\"name\":\"Inicio - Climbat | Climbing gyms\",\"description\":\"Climbat es referente en el mundo de la escalada como operador de salas de escalada orientados a p\u00fablicos de todos los niveles\",\"potentialAction\":[{\"@type\":\"SearchAction\",\"target\":{\"@type\":\"EntryPoint\",\"urlTemplate\":\"https:\/\/climbat.com\/?s={search_term_string}\"},\"query-input\":\"required name=search_term_string\"}],\"inLanguage\":\"cat\"},{\"@type\":\"Person\",\"@id\":\"https:\/\/climbat.com\/#\/schema\/person\/b510ff776a42bc3b4aa2ef8abe8bf6d7\",\"name\":\"Climbatweb\",\"image\":{\"@type\":\"ImageObject\",\"inLanguage\":\"cat\",\"@id\":\"https:\/\/climbat.com\/#\/schema\/person\/image\/\",\"url\":\"https:\/\/secure.gravatar.com\/avatar\/4305741a3418e35048a5cf36b8f8dc9e?s=96&d=mm&r=g\",\"contentUrl\":\"https:\/\/secure.gravatar.com\/avatar\/4305741a3418e35048a5cf36b8f8dc9e?s=96&d=mm&r=g\",\"caption\":\"Climbatweb\"}}]}<\/script>\n<!-- \/ Yoast SEO plugin. -->","yoast_head_json":{"title":"DEL ROCO A LA ROCA - Inicio - Climbat | Climbing gyms","robots":{"index":"index","follow":"follow","max-snippet":"max-snippet:-1","max-image-preview":"max-image-preview:large","max-video-preview":"max-video-preview:-1"},"canonical":"https:\/\/climbat.com\/ca\/del-roco-a-la-roca-2\/","og_locale":"en_US","og_type":"article","og_title":"DEL ROCO A LA ROCA - Inicio - Climbat | Climbing gyms","og_description":"Vols posar en pr\u00e0ctica tots els teus coneixements ara, al medi natural? En aquest taller refor\u00e7ar\u00e0s i aprendr\u00e0s nous coneixements de la m\u00e0 dels nostres t\u00e8cnics principalment en zones d&#8217;escalada de la prov\u00edncia de Barcelona.&nbsp;&#8220;Del roco a la roca&#8221;&nbsp;\u00e9s una oportunitat \u00fanica per provar l&#8217;escalada en roca despr\u00e9s d&#8217;haver practicat al roc\u00f2drom. &nbsp; Data: 27 de febrer i 27 de mar\u00e7. Durada:&nbsp;De 10:00h a 16:00h Preu:&nbsp;55 \u20ac Inclou:&nbsp;Un t\u00e8cnic esportiu d\u2019escalada nivell 2 i cordes i dispositius de seguretat. Est\u00e0 dirigit als integrants del curs d&#8217;iniciaci\u00f3, base o grups d&#8217;escalada en primera inst\u00e0ncia. Podent-inscriure, sempre que hi hagi places, socis de Climbat i no socis per aquest ordre de prefer\u00e8ncia. Per poder accedir a aquest taller cal complir com a m\u00ednim un d&#8217;aquests requisits: &nbsp; Haver realitzat, almenys, el curs d&#8217;iniciaci\u00f3 per a realitzar la sortida b\u00e0sica a roca. Haver realitzat el curs base per inscriure\u2019s a la sortida nivell intermedi. Estar inscrit en un grup d&#8217;escalada per realitzar la sortida nivell intermedi-expert. Si no s\u2019ha realitzat cap curs i existeix l\u2019opci\u00f3 d\u2019inscriure\u2019s a la sortida per disponibilitat de places lliures s\u2019haur\u00e0 d\u2019acreditar el nivell d\u2019escalada a trav\u00e9s de la realitzaci\u00f3 de classes personalitzades amb algun t\u00e8cnic o t\u00e8cnica de...","og_url":"https:\/\/climbat.com\/ca\/del-roco-a-la-roca-2\/","og_site_name":"Inicio - Climbat | Climbing gyms","article_published_time":"2022-02-05T15:40:20+00:00","article_modified_time":"2022-06-30T18:01:04+00:00","og_image":[{"width":1920,"height":1135,"url":"https:\/\/climbat.com\/wp-content\/uploads\/2022\/02\/ROCO-ROCA.jpeg","type":"image\/jpeg"}],"author":"Climbatweb","twitter_card":"summary_large_image","twitter_misc":{"Written by":"Climbatweb","Est. reading time":"1 minute"},"schema":{"@context":"https:\/\/schema.org","@graph":[{"@type":"WebPage","@id":"https:\/\/climbat.com\/ca\/del-roco-a-la-roca-2\/","url":"https:\/\/climbat.com\/ca\/del-roco-a-la-roca-2\/","name":"DEL ROCO A LA ROCA - Inicio - Climbat | Climbing gyms","isPartOf":{"@id":"https:\/\/climbat.com\/#website"},"primaryImageOfPage":{"@id":"https:\/\/climbat.com\/ca\/del-roco-a-la-roca-2\/#primaryimage"},"image":{"@id":"https:\/\/climbat.com\/ca\/del-roco-a-la-roca-2\/#primaryimage"},"thumbnailUrl":"https:\/\/climbat.com\/wp-content\/uploads\/2022\/02\/ROCO-ROCA.jpeg","datePublished":"2022-02-05T15:40:20+00:00","dateModified":"2022-06-30T18:01:04+00:00","author":{"@id":"https:\/\/climbat.com\/#\/schema\/person\/b510ff776a42bc3b4aa2ef8abe8bf6d7"},"breadcrumb":{"@id":"https:\/\/climbat.com\/ca\/del-roco-a-la-roca-2\/#breadcrumb"},"inLanguage":"cat","potentialAction":[{"@type":"ReadAction","target":["https:\/\/climbat.com\/ca\/del-roco-a-la-roca-2\/"]}]},{"@type":"ImageObject","inLanguage":"cat","@id":"https:\/\/climbat.com\/ca\/del-roco-a-la-roca-2\/#primaryimage","url":"https:\/\/climbat.com\/wp-content\/uploads\/2022\/02\/ROCO-ROCA.jpeg","contentUrl":"https:\/\/climbat.com\/wp-content\/uploads\/2022\/02\/ROCO-ROCA.jpeg","width":1920,"height":1135},{"@type":"BreadcrumbList","@id":"https:\/\/climbat.com\/ca\/del-roco-a-la-roca-2\/#breadcrumb","itemListElement":[{"@type":"ListItem","position":1,"name":"Portada","item":"https:\/\/climbat.com\/ca\/"},{"@type":"ListItem","position":2,"name":"DEL ROCO A LA ROCA"}]},{"@type":"WebSite","@id":"https:\/\/climbat.com\/#website","url":"https:\/\/climbat.com\/","name":"Inicio - Climbat | Climbing gyms","description":"Climbat es referente en el mundo de la escalada como operador de salas de escalada orientados a p\u00fablicos de todos los niveles","potentialAction":[{"@type":"SearchAction","target":{"@type":"EntryPoint","urlTemplate":"https:\/\/climbat.com\/?s={search_term_string}"},"query-input":"required name=search_term_string"}],"inLanguage":"cat"},{"@type":"Person","@id":"https:\/\/climbat.com\/#\/schema\/person\/b510ff776a42bc3b4aa2ef8abe8bf6d7","name":"Climbatweb","image":{"@type":"ImageObject","inLanguage":"cat","@id":"https:\/\/climbat.com\/#\/schema\/person\/image\/","url":"https:\/\/secure.gravatar.com\/avatar\/4305741a3418e35048a5cf36b8f8dc9e?s=96&d=mm&r=g","contentUrl":"https:\/\/secure.gravatar.com\/avatar\/4305741a3418e35048a5cf36b8f8dc9e?s=96&d=mm&r=g","caption":"Climbatweb"}}]}},"_links":{"self":[{"href":"https:\/\/climbat.com\/ca\/wp-json\/wp\/v2\/posts\/9869"}],"collection":[{"href":"https:\/\/climbat.com\/ca\/wp-json\/wp\/v2\/posts"}],"about":[{"href":"https:\/\/climbat.com\/ca\/wp-json\/wp\/v2\/types\/post"}],"author":[{"embeddable":true,"href":"https:\/\/climbat.com\/ca\/wp-json\/wp\/v2\/users\/2"}],"replies":[{"embeddable":true,"href":"https:\/\/climbat.com\/ca\/wp-json\/wp\/v2\/comments?post=9869"}],"version-history":[{"count":0,"href":"https:\/\/climbat.com\/ca\/wp-json\/wp\/v2\/posts\/9869\/revisions"}],"wp:featuredmedia":[{"embeddable":true,"href":"https:\/\/climbat.com\/ca\/wp-json\/wp\/v2\/media\/9870"}],"wp:attachment":[{"href":"https:\/\/climbat.com\/ca\/wp-json\/wp\/v2\/media?parent=9869"}],"wp:term":[{"taxonomy":"category","embeddable":true,"href":"https:\/\/climbat.com\/ca\/wp-json\/wp\/v2\/categories?post=9869"},{"taxonomy":"post_tag","embeddable":true,"href":"https:\/\/climbat.com\/ca\/wp-json\/wp\/v2\/tags?post=9869"},{"taxonomy":"categoria_centro","embeddable":true,"href":"https:\/\/climbat.com\/ca\/wp-json\/wp\/v2\/categoria_centro?post=9869"}],"curies":[{"name":"wp","href":"https:\/\/api.w.org\/{rel}","templated":true}]}}