{"id":9835,"date":"2022-02-17T16:33:36","date_gmt":"2022-02-17T15:33:36","guid":{"rendered":"https:\/\/www.climbat.com\/la-foixarda-barcelona\/?p=9835"},"modified":"2022-06-30T17:56:06","modified_gmt":"2022-06-30T17:56:06","slug":"arriba-la-segona-jornada-de-la-lliga-climbat-a-aviles","status":"publish","type":"post","link":"https:\/\/climbat.com\/ca\/arriba-la-segona-jornada-de-la-lliga-climbat-a-aviles\/","title":{"rendered":"ARRIBA LA SEGONA JORNADA DE LA LLIGA CLIMBAT A AVIL\u00c9S"},"content":{"rendered":"<p>Al mar\u00e7 celebrarem una&nbsp;<strong>nova jornada de la Lliga Climbat<\/strong>!<\/p>\n<p>Despr\u00e9s de viure un dia ple d&#8217;emocions, escalada i diversi\u00f3 a la primera jornada disputada a Climbat X-Madrid, \u00e9s l&#8217;hora de veure de qu\u00e8 s\u00f3n capa\u00e7os els nostres escaladors i escaladores al nou centre&nbsp;<strong>Climbat Avil\u00e9s \u2013 ParqueAstur.<\/strong><\/p>\n<p>&nbsp;<\/p>\n<ul>\n<li><strong>Data:&nbsp;<\/strong>13 de mar\u00e7<\/li>\n<li><strong>Inscripcions:<\/strong>&nbsp;<a tabindex=\"-1\" title=\"https:\/\/eventos.climbat.com\/inscripcion\/2a-jornada-liga-climbat-climbat-aviles-parqueastur\/inscripcion_datos\/\" href=\"https:\/\/eventos.climbat.com\/inscripcion\/2a-jornada-liga-climbat-climbat-aviles-parqueastur\/inscripcion_datos\/\" target=\"_blank\" rel=\"noopener noreferrer\" aria-label=\"Enlla\u00e7 aqu\u00ed\">aqu\u00ed<\/a><\/li>\n<\/ul>\n<p>Blocs i vies per tots els nivells i el millor ambient escalador!<\/p>\n<p>I per anar obrint boca, us hem preparat un&nbsp;<strong><a href=\"https:\/\/www.youtube.com\/watch?v=6mYe64YR-oo&amp;t=22s\">v\u00eddeo<\/a>&nbsp;<\/strong>de la&nbsp;<a href=\"https:\/\/www.youtube.com\/watch?v=6mYe64YR-oo&amp;t=22s\"><strong>1\u00aa Jornada a Climbat X-Madrid<\/strong><\/a>&#8230; Vols veure&#8217;l?<\/p>\n<p>&nbsp;<\/p>\n<ul>\n<li>Fes clic <a href=\"https:\/\/www.youtube.com\/watch?v=6mYe64YR-oo&amp;t=22s\">aqu\u00ed<\/a><\/li>\n<\/ul>\n<p>Suma&#8217;t al moviment!<\/p>\n","protected":false},"excerpt":{"rendered":"<p>Al mar\u00e7 celebrarem una&nbsp;nova jornada de la Lliga Climbat! Despr\u00e9s de viure un dia ple d&#8217;emocions, escalada i diversi\u00f3 a la primera jornada disputada a Climbat X-Madrid, \u00e9s l&#8217;hora de veure de qu\u00e8 s\u00f3n capa\u00e7os els nostres escaladors i escaladores al nou centre&nbsp;Climbat Avil\u00e9s \u2013 ParqueAstur. &nbsp; Data:&nbsp;13 de mar\u00e7 Inscripcions:&nbsp;aqu\u00ed Blocs i vies per tots els nivells i el millor ambient escalador! I per anar obrint boca, us hem preparat un&nbsp;v\u00eddeo&nbsp;de la&nbsp;1\u00aa Jornada a Climbat X-Madrid&#8230; Vols veure&#8217;l? &nbsp; Fes clic aqu\u00ed Suma&#8217;t al moviment!<\/p>\n","protected":false},"author":2,"featured_media":9837,"comment_status":"open","ping_status":"open","sticky":false,"template":"","format":"standard","meta":{"footnotes":""},"categories":[1],"tags":[],"categoria_centro":[101],"acf":[],"yoast_head":"<!-- This site is optimized with the Yoast SEO plugin v22.5 - https:\/\/yoast.com\/wordpress\/plugins\/seo\/ -->\n<title>ARRIBA LA SEGONA JORNADA DE LA LLIGA CLIMBAT A AVIL\u00c9S - Inicio - Climbat | Climbing gyms<\/title>\n<meta name=\"robots\" content=\"index, follow, max-snippet:-1, max-image-preview:large, max-video-preview:-1\" \/>\n<link rel=\"canonical\" href=\"https:\/\/climbat.com\/ca\/arriba-la-segona-jornada-de-la-lliga-climbat-a-aviles\/\" \/>\n<meta property=\"og:locale\" content=\"en_US\" \/>\n<meta property=\"og:type\" content=\"article\" \/>\n<meta property=\"og:title\" content=\"ARRIBA LA SEGONA JORNADA DE LA LLIGA CLIMBAT A AVIL\u00c9S - Inicio - Climbat | Climbing gyms\" \/>\n<meta property=\"og:description\" content=\"Al mar\u00e7 celebrarem una&nbsp;nova jornada de la Lliga Climbat! Despr\u00e9s de viure un dia ple d&#8217;emocions, escalada i diversi\u00f3 a la primera jornada disputada a Climbat X-Madrid, \u00e9s l&#8217;hora de veure de qu\u00e8 s\u00f3n capa\u00e7os els nostres escaladors i escaladores al nou centre&nbsp;Climbat Avil\u00e9s \u2013 ParqueAstur. &nbsp; Data:&nbsp;13 de mar\u00e7 Inscripcions:&nbsp;aqu\u00ed Blocs i vies per tots els nivells i el millor ambient escalador! I per anar obrint boca, us hem preparat un&nbsp;v\u00eddeo&nbsp;de la&nbsp;1\u00aa Jornada a Climbat X-Madrid&#8230; Vols veure&#8217;l? &nbsp; Fes clic aqu\u00ed Suma&#8217;t al moviment!\" \/>\n<meta property=\"og:url\" content=\"https:\/\/climbat.com\/ca\/arriba-la-segona-jornada-de-la-lliga-climbat-a-aviles\/\" \/>\n<meta property=\"og:site_name\" content=\"Inicio - Climbat | Climbing gyms\" \/>\n<meta property=\"article:published_time\" content=\"2022-02-17T15:33:36+00:00\" \/>\n<meta property=\"article:modified_time\" content=\"2022-06-30T17:56:06+00:00\" \/>\n<meta property=\"og:image\" content=\"https:\/\/climbat.com\/wp-content\/uploads\/2022\/02\/WEB_JORNADA-2-LA-LLIGA_CATWB-scaled-1.jpg\" \/>\n\t<meta property=\"og:image:width\" content=\"2560\" \/>\n\t<meta property=\"og:image:height\" content=\"1892\" \/>\n\t<meta property=\"og:image:type\" content=\"image\/jpeg\" \/>\n<meta name=\"author\" content=\"Climbatweb\" \/>\n<meta name=\"twitter:card\" content=\"summary_large_image\" \/>\n<meta name=\"twitter:label1\" content=\"Written by\" \/>\n\t<meta name=\"twitter:data1\" content=\"Climbatweb\" \/>\n\t<meta name=\"twitter:label2\" content=\"Est. reading time\" \/>\n\t<meta name=\"twitter:data2\" content=\"1 minute\" \/>\n<script type=\"application\/ld+json\" class=\"yoast-schema-graph\">{\"@context\":\"https:\/\/schema.org\",\"@graph\":[{\"@type\":\"WebPage\",\"@id\":\"https:\/\/climbat.com\/ca\/arriba-la-segona-jornada-de-la-lliga-climbat-a-aviles\/\",\"url\":\"https:\/\/climbat.com\/ca\/arriba-la-segona-jornada-de-la-lliga-climbat-a-aviles\/\",\"name\":\"ARRIBA LA SEGONA JORNADA DE LA LLIGA CLIMBAT A AVIL\u00c9S - Inicio - Climbat | Climbing gyms\",\"isPartOf\":{\"@id\":\"https:\/\/climbat.com\/#website\"},\"primaryImageOfPage\":{\"@id\":\"https:\/\/climbat.com\/ca\/arriba-la-segona-jornada-de-la-lliga-climbat-a-aviles\/#primaryimage\"},\"image\":{\"@id\":\"https:\/\/climbat.com\/ca\/arriba-la-segona-jornada-de-la-lliga-climbat-a-aviles\/#primaryimage\"},\"thumbnailUrl\":\"https:\/\/climbat.com\/wp-content\/uploads\/2022\/02\/WEB_JORNADA-2-LA-LLIGA_CATWB-scaled-1.jpg\",\"datePublished\":\"2022-02-17T15:33:36+00:00\",\"dateModified\":\"2022-06-30T17:56:06+00:00\",\"author\":{\"@id\":\"https:\/\/climbat.com\/#\/schema\/person\/b510ff776a42bc3b4aa2ef8abe8bf6d7\"},\"breadcrumb\":{\"@id\":\"https:\/\/climbat.com\/ca\/arriba-la-segona-jornada-de-la-lliga-climbat-a-aviles\/#breadcrumb\"},\"inLanguage\":\"cat\",\"potentialAction\":[{\"@type\":\"ReadAction\",\"target\":[\"https:\/\/climbat.com\/ca\/arriba-la-segona-jornada-de-la-lliga-climbat-a-aviles\/\"]}]},{\"@type\":\"ImageObject\",\"inLanguage\":\"cat\",\"@id\":\"https:\/\/climbat.com\/ca\/arriba-la-segona-jornada-de-la-lliga-climbat-a-aviles\/#primaryimage\",\"url\":\"https:\/\/climbat.com\/wp-content\/uploads\/2022\/02\/WEB_JORNADA-2-LA-LLIGA_CATWB-scaled-1.jpg\",\"contentUrl\":\"https:\/\/climbat.com\/wp-content\/uploads\/2022\/02\/WEB_JORNADA-2-LA-LLIGA_CATWB-scaled-1.jpg\",\"width\":2560,\"height\":1892},{\"@type\":\"BreadcrumbList\",\"@id\":\"https:\/\/climbat.com\/ca\/arriba-la-segona-jornada-de-la-lliga-climbat-a-aviles\/#breadcrumb\",\"itemListElement\":[{\"@type\":\"ListItem\",\"position\":1,\"name\":\"Portada\",\"item\":\"https:\/\/climbat.com\/ca\/\"},{\"@type\":\"ListItem\",\"position\":2,\"name\":\"ARRIBA LA SEGONA JORNADA DE LA LLIGA CLIMBAT A AVIL\u00c9S\"}]},{\"@type\":\"WebSite\",\"@id\":\"https:\/\/climbat.com\/#website\",\"url\":\"https:\/\/climbat.com\/\",\"name\":\"Inicio - Climbat | Climbing gyms\",\"description\":\"Climbat es referente en el mundo de la escalada como operador de salas de escalada orientados a p\u00fablicos de todos los niveles\",\"potentialAction\":[{\"@type\":\"SearchAction\",\"target\":{\"@type\":\"EntryPoint\",\"urlTemplate\":\"https:\/\/climbat.com\/?s={search_term_string}\"},\"query-input\":\"required name=search_term_string\"}],\"inLanguage\":\"cat\"},{\"@type\":\"Person\",\"@id\":\"https:\/\/climbat.com\/#\/schema\/person\/b510ff776a42bc3b4aa2ef8abe8bf6d7\",\"name\":\"Climbatweb\",\"image\":{\"@type\":\"ImageObject\",\"inLanguage\":\"cat\",\"@id\":\"https:\/\/climbat.com\/#\/schema\/person\/image\/\",\"url\":\"https:\/\/secure.gravatar.com\/avatar\/4305741a3418e35048a5cf36b8f8dc9e?s=96&d=mm&r=g\",\"contentUrl\":\"https:\/\/secure.gravatar.com\/avatar\/4305741a3418e35048a5cf36b8f8dc9e?s=96&d=mm&r=g\",\"caption\":\"Climbatweb\"}}]}<\/script>\n<!-- \/ Yoast SEO plugin. -->","yoast_head_json":{"title":"ARRIBA LA SEGONA JORNADA DE LA LLIGA CLIMBAT A AVIL\u00c9S - Inicio - Climbat | Climbing gyms","robots":{"index":"index","follow":"follow","max-snippet":"max-snippet:-1","max-image-preview":"max-image-preview:large","max-video-preview":"max-video-preview:-1"},"canonical":"https:\/\/climbat.com\/ca\/arriba-la-segona-jornada-de-la-lliga-climbat-a-aviles\/","og_locale":"en_US","og_type":"article","og_title":"ARRIBA LA SEGONA JORNADA DE LA LLIGA CLIMBAT A AVIL\u00c9S - Inicio - Climbat | Climbing gyms","og_description":"Al mar\u00e7 celebrarem una&nbsp;nova jornada de la Lliga Climbat! Despr\u00e9s de viure un dia ple d&#8217;emocions, escalada i diversi\u00f3 a la primera jornada disputada a Climbat X-Madrid, \u00e9s l&#8217;hora de veure de qu\u00e8 s\u00f3n capa\u00e7os els nostres escaladors i escaladores al nou centre&nbsp;Climbat Avil\u00e9s \u2013 ParqueAstur. &nbsp; Data:&nbsp;13 de mar\u00e7 Inscripcions:&nbsp;aqu\u00ed Blocs i vies per tots els nivells i el millor ambient escalador! I per anar obrint boca, us hem preparat un&nbsp;v\u00eddeo&nbsp;de la&nbsp;1\u00aa Jornada a Climbat X-Madrid&#8230; Vols veure&#8217;l? &nbsp; Fes clic aqu\u00ed Suma&#8217;t al moviment!","og_url":"https:\/\/climbat.com\/ca\/arriba-la-segona-jornada-de-la-lliga-climbat-a-aviles\/","og_site_name":"Inicio - Climbat | Climbing gyms","article_published_time":"2022-02-17T15:33:36+00:00","article_modified_time":"2022-06-30T17:56:06+00:00","og_image":[{"width":2560,"height":1892,"url":"https:\/\/climbat.com\/wp-content\/uploads\/2022\/02\/WEB_JORNADA-2-LA-LLIGA_CATWB-scaled-1.jpg","type":"image\/jpeg"}],"author":"Climbatweb","twitter_card":"summary_large_image","twitter_misc":{"Written by":"Climbatweb","Est. reading time":"1 minute"},"schema":{"@context":"https:\/\/schema.org","@graph":[{"@type":"WebPage","@id":"https:\/\/climbat.com\/ca\/arriba-la-segona-jornada-de-la-lliga-climbat-a-aviles\/","url":"https:\/\/climbat.com\/ca\/arriba-la-segona-jornada-de-la-lliga-climbat-a-aviles\/","name":"ARRIBA LA SEGONA JORNADA DE LA LLIGA CLIMBAT A AVIL\u00c9S - Inicio - Climbat | Climbing gyms","isPartOf":{"@id":"https:\/\/climbat.com\/#website"},"primaryImageOfPage":{"@id":"https:\/\/climbat.com\/ca\/arriba-la-segona-jornada-de-la-lliga-climbat-a-aviles\/#primaryimage"},"image":{"@id":"https:\/\/climbat.com\/ca\/arriba-la-segona-jornada-de-la-lliga-climbat-a-aviles\/#primaryimage"},"thumbnailUrl":"https:\/\/climbat.com\/wp-content\/uploads\/2022\/02\/WEB_JORNADA-2-LA-LLIGA_CATWB-scaled-1.jpg","datePublished":"2022-02-17T15:33:36+00:00","dateModified":"2022-06-30T17:56:06+00:00","author":{"@id":"https:\/\/climbat.com\/#\/schema\/person\/b510ff776a42bc3b4aa2ef8abe8bf6d7"},"breadcrumb":{"@id":"https:\/\/climbat.com\/ca\/arriba-la-segona-jornada-de-la-lliga-climbat-a-aviles\/#breadcrumb"},"inLanguage":"cat","potentialAction":[{"@type":"ReadAction","target":["https:\/\/climbat.com\/ca\/arriba-la-segona-jornada-de-la-lliga-climbat-a-aviles\/"]}]},{"@type":"ImageObject","inLanguage":"cat","@id":"https:\/\/climbat.com\/ca\/arriba-la-segona-jornada-de-la-lliga-climbat-a-aviles\/#primaryimage","url":"https:\/\/climbat.com\/wp-content\/uploads\/2022\/02\/WEB_JORNADA-2-LA-LLIGA_CATWB-scaled-1.jpg","contentUrl":"https:\/\/climbat.com\/wp-content\/uploads\/2022\/02\/WEB_JORNADA-2-LA-LLIGA_CATWB-scaled-1.jpg","width":2560,"height":1892},{"@type":"BreadcrumbList","@id":"https:\/\/climbat.com\/ca\/arriba-la-segona-jornada-de-la-lliga-climbat-a-aviles\/#breadcrumb","itemListElement":[{"@type":"ListItem","position":1,"name":"Portada","item":"https:\/\/climbat.com\/ca\/"},{"@type":"ListItem","position":2,"name":"ARRIBA LA SEGONA JORNADA DE LA LLIGA CLIMBAT A AVIL\u00c9S"}]},{"@type":"WebSite","@id":"https:\/\/climbat.com\/#website","url":"https:\/\/climbat.com\/","name":"Inicio - Climbat | Climbing gyms","description":"Climbat es referente en el mundo de la escalada como operador de salas de escalada orientados a p\u00fablicos de todos los niveles","potentialAction":[{"@type":"SearchAction","target":{"@type":"EntryPoint","urlTemplate":"https:\/\/climbat.com\/?s={search_term_string}"},"query-input":"required name=search_term_string"}],"inLanguage":"cat"},{"@type":"Person","@id":"https:\/\/climbat.com\/#\/schema\/person\/b510ff776a42bc3b4aa2ef8abe8bf6d7","name":"Climbatweb","image":{"@type":"ImageObject","inLanguage":"cat","@id":"https:\/\/climbat.com\/#\/schema\/person\/image\/","url":"https:\/\/secure.gravatar.com\/avatar\/4305741a3418e35048a5cf36b8f8dc9e?s=96&d=mm&r=g","contentUrl":"https:\/\/secure.gravatar.com\/avatar\/4305741a3418e35048a5cf36b8f8dc9e?s=96&d=mm&r=g","caption":"Climbatweb"}}]}},"_links":{"self":[{"href":"https:\/\/climbat.com\/ca\/wp-json\/wp\/v2\/posts\/9835"}],"collection":[{"href":"https:\/\/climbat.com\/ca\/wp-json\/wp\/v2\/posts"}],"about":[{"href":"https:\/\/climbat.com\/ca\/wp-json\/wp\/v2\/types\/post"}],"author":[{"embeddable":true,"href":"https:\/\/climbat.com\/ca\/wp-json\/wp\/v2\/users\/2"}],"replies":[{"embeddable":true,"href":"https:\/\/climbat.com\/ca\/wp-json\/wp\/v2\/comments?post=9835"}],"version-history":[{"count":0,"href":"https:\/\/climbat.com\/ca\/wp-json\/wp\/v2\/posts\/9835\/revisions"}],"wp:featuredmedia":[{"embeddable":true,"href":"https:\/\/climbat.com\/ca\/wp-json\/wp\/v2\/media\/9837"}],"wp:attachment":[{"href":"https:\/\/climbat.com\/ca\/wp-json\/wp\/v2\/media?parent=9835"}],"wp:term":[{"taxonomy":"category","embeddable":true,"href":"https:\/\/climbat.com\/ca\/wp-json\/wp\/v2\/categories?post=9835"},{"taxonomy":"post_tag","embeddable":true,"href":"https:\/\/climbat.com\/ca\/wp-json\/wp\/v2\/tags?post=9835"},{"taxonomy":"categoria_centro","embeddable":true,"href":"https:\/\/climbat.com\/ca\/wp-json\/wp\/v2\/categoria_centro?post=9835"}],"curies":[{"name":"wp","href":"https:\/\/api.w.org\/{rel}","templated":true}]}}