{"id":43561,"date":"2024-11-25T15:31:37","date_gmt":"2024-11-25T15:31:37","guid":{"rendered":"https:\/\/climbat.com\/?p=43561"},"modified":"2024-11-25T15:31:40","modified_gmt":"2024-11-25T15:31:40","slug":"record-de-participants-al-winter-festival","status":"publish","type":"post","link":"https:\/\/climbat.com\/ca\/record-de-participants-al-winter-festival\/","title":{"rendered":"R\u00c8CORD DE PARTICIPANTS AL WINTER FESTIVAL!"},"content":{"rendered":"\n<p>El Winter Festival 2024 ha tornat als cinc centres Climbat, aconseguint un \u00e8xit de participaci\u00f3 en la seva m\u00e9s recent edici\u00f3 celebrada el 23 de novembre. Aquest esdeveniment s&#8217;ha convertit en un referent per a la comunitat d&#8217;escaladors i escaladores, que troben en ell un open l\u00fadic amb el qual celebrar l&#8217;esport que m\u00e9s ens agrada.<\/p>\n\n\n\n<p>Amb m\u00e9s de 880 participants i simult\u00e0niament en els 5 centres Climbat, el Winter Festival va oferir als i les assistents l&#8217;oportunitat d&#8217;enfrontar-se a nous blocs i vies dissenyats per a estimular tant la creativitat com la superaci\u00f3 personal.<\/p>\n\n\n\n<p>A m\u00e9s dels blocs i vies, en el Winter Festival els millors moments del dia es van viure durant les proves com el concurs de llancis, mostrant la destresa i precisi\u00f3 dels escaladors i escaladors, el bloc per parelles, el ja fam\u00f3s &#8220;Escalabirres&#8221;, amb r\u00e8cord d&#8217;altura i el \u201cLlan\u00e7ament al pernil\u201d, que s&#8217;ha convertit en un imprescindible de les \u00faltimes edicions.<\/p>\n\n\n\n<figure class=\"wp-block-image size-large\"><img decoding=\"async\" loading=\"lazy\" width=\"1024\" height=\"683\" src=\"https:\/\/climbat.com\/wp-content\/uploads\/2024\/11\/WINTER-NDP-LOW7-1024x683.jpeg\" alt=\"\" class=\"wp-image-43531\" srcset=\"https:\/\/climbat.com\/wp-content\/uploads\/2024\/11\/WINTER-NDP-LOW7-1024x683.jpeg 1024w, https:\/\/climbat.com\/wp-content\/uploads\/2024\/11\/WINTER-NDP-LOW7-300x200.jpeg 300w, https:\/\/climbat.com\/wp-content\/uploads\/2024\/11\/WINTER-NDP-LOW7-768x512.jpeg 768w, https:\/\/climbat.com\/wp-content\/uploads\/2024\/11\/WINTER-NDP-LOW7-1536x1024.jpeg 1536w, https:\/\/climbat.com\/wp-content\/uploads\/2024\/11\/WINTER-NDP-LOW7-1156x771.jpeg 1156w, https:\/\/climbat.com\/wp-content\/uploads\/2024\/11\/WINTER-NDP-LOW7-120x80.jpeg 120w, https:\/\/climbat.com\/wp-content\/uploads\/2024\/11\/WINTER-NDP-LOW7-81x54.jpeg 81w, https:\/\/climbat.com\/wp-content\/uploads\/2024\/11\/WINTER-NDP-LOW7.jpeg 1600w\" sizes=\"(max-width: 1024px) 100vw, 1024px\" \/><\/figure>\n\n\n\n<p>Aix\u00f2 ha estat possible gr\u00e0cies a les marques producte oficial Boreal, Singing Rock, +8000, Climbskin, Fixe i Edelrid, les marques de preses Grashopper, Thrill Seeker i Didak\u2019s, les empreses d&#8217;alimentaci\u00f3 Goya, Frit Ravich, Qualianza i Cervesa L&#8217;Aguila i la tenda especialitzada en productes de muntanya, Mountain Shop V\u00e8rtic. Tamb\u00e9 dels centres comercials X-Madrid, La Torre Outlet, Parqueastur, Fashion Outlet Megapark i el Ajuntament de Barcelona, el suport del qual va ser fonamental per a poder realitzar l&#8217;esdeveniment.<\/p>\n\n\n\n<p>El Winter Festival s&#8217;ha convertit en una veritable celebraci\u00f3 de la passi\u00f3 compartida i un punt de trobada i uni\u00f3 de la comunitat escaladora, i quedar\u00e0 en la mem\u00f2ria de tots com una experi\u00e8ncia inoblidable.<\/p>\n\n\n\n<p>L&#8217;equip de Climbat ja pensa en la pr\u00f2xima edici\u00f3 en la qual tornarem a reunir-nos per a continuar celebrant la passi\u00f3 per l&#8217;escalada!<\/p>\n\n\n\n<div class=\"wp-block-columns is-layout-flex wp-container-4 wp-block-columns-is-layout-flex\">\n<div class=\"wp-block-column is-layout-flow wp-block-column-is-layout-flow\">\n<figure class=\"wp-block-image size-large\"><img decoding=\"async\" loading=\"lazy\" width=\"683\" height=\"1024\" src=\"https:\/\/climbat.com\/wp-content\/uploads\/2024\/11\/WINTER-NDP-LOW5-683x1024.jpeg\" alt=\"\" class=\"wp-image-43551\" srcset=\"https:\/\/climbat.com\/wp-content\/uploads\/2024\/11\/WINTER-NDP-LOW5-683x1024.jpeg 683w, https:\/\/climbat.com\/wp-content\/uploads\/2024\/11\/WINTER-NDP-LOW5-200x300.jpeg 200w, https:\/\/climbat.com\/wp-content\/uploads\/2024\/11\/WINTER-NDP-LOW5-768x1152.jpeg 768w, https:\/\/climbat.com\/wp-content\/uploads\/2024\/11\/WINTER-NDP-LOW5-1024x1536.jpeg 1024w, https:\/\/climbat.com\/wp-content\/uploads\/2024\/11\/WINTER-NDP-LOW5-514x771.jpeg 514w, https:\/\/climbat.com\/wp-content\/uploads\/2024\/11\/WINTER-NDP-LOW5-120x180.jpeg 120w, https:\/\/climbat.com\/wp-content\/uploads\/2024\/11\/WINTER-NDP-LOW5-81x121.jpeg 81w, https:\/\/climbat.com\/wp-content\/uploads\/2024\/11\/WINTER-NDP-LOW5.jpeg 1067w\" sizes=\"(max-width: 683px) 100vw, 683px\" \/><\/figure>\n<\/div>\n\n\n\n<div class=\"wp-block-column is-layout-flow wp-block-column-is-layout-flow\">\n<figure class=\"wp-block-image size-large\"><img decoding=\"async\" loading=\"lazy\" width=\"683\" height=\"1024\" src=\"https:\/\/climbat.com\/wp-content\/uploads\/2024\/11\/WINTER-NDP-LOW11-683x1024.jpeg\" alt=\"\" class=\"wp-image-43541\" srcset=\"https:\/\/climbat.com\/wp-content\/uploads\/2024\/11\/WINTER-NDP-LOW11-683x1024.jpeg 683w, https:\/\/climbat.com\/wp-content\/uploads\/2024\/11\/WINTER-NDP-LOW11-200x300.jpeg 200w, https:\/\/climbat.com\/wp-content\/uploads\/2024\/11\/WINTER-NDP-LOW11-768x1152.jpeg 768w, https:\/\/climbat.com\/wp-content\/uploads\/2024\/11\/WINTER-NDP-LOW11-1024x1536.jpeg 1024w, https:\/\/climbat.com\/wp-content\/uploads\/2024\/11\/WINTER-NDP-LOW11-514x771.jpeg 514w, https:\/\/climbat.com\/wp-content\/uploads\/2024\/11\/WINTER-NDP-LOW11-120x180.jpeg 120w, https:\/\/climbat.com\/wp-content\/uploads\/2024\/11\/WINTER-NDP-LOW11-81x121.jpeg 81w, https:\/\/climbat.com\/wp-content\/uploads\/2024\/11\/WINTER-NDP-LOW11.jpeg 1067w\" sizes=\"(max-width: 683px) 100vw, 683px\" \/><\/figure>\n<\/div>\n\n\n\n<div class=\"wp-block-column is-layout-flow wp-block-column-is-layout-flow\">\n<figure class=\"wp-block-image size-large\"><img decoding=\"async\" loading=\"lazy\" width=\"683\" height=\"1024\" src=\"https:\/\/climbat.com\/wp-content\/uploads\/2024\/11\/WINTER-NDP-LOW8-683x1024.jpeg\" alt=\"\" class=\"wp-image-43546\" srcset=\"https:\/\/climbat.com\/wp-content\/uploads\/2024\/11\/WINTER-NDP-LOW8-683x1024.jpeg 683w, https:\/\/climbat.com\/wp-content\/uploads\/2024\/11\/WINTER-NDP-LOW8-200x300.jpeg 200w, https:\/\/climbat.com\/wp-content\/uploads\/2024\/11\/WINTER-NDP-LOW8-768x1152.jpeg 768w, https:\/\/climbat.com\/wp-content\/uploads\/2024\/11\/WINTER-NDP-LOW8-1024x1536.jpeg 1024w, https:\/\/climbat.com\/wp-content\/uploads\/2024\/11\/WINTER-NDP-LOW8-514x771.jpeg 514w, https:\/\/climbat.com\/wp-content\/uploads\/2024\/11\/WINTER-NDP-LOW8-120x180.jpeg 120w, https:\/\/climbat.com\/wp-content\/uploads\/2024\/11\/WINTER-NDP-LOW8-81x121.jpeg 81w, https:\/\/climbat.com\/wp-content\/uploads\/2024\/11\/WINTER-NDP-LOW8.jpeg 1067w\" sizes=\"(max-width: 683px) 100vw, 683px\" \/><\/figure>\n<\/div>\n<\/div>\n","protected":false},"excerpt":{"rendered":"<p>El Winter Festival 2024 ha tornat als cinc centres Climbat, aconseguint un \u00e8xit de participaci\u00f3 en la seva m\u00e9s recent edici\u00f3 celebrada el 23 de novembre. Aquest esdeveniment s&#8217;ha convertit en un referent per a la comunitat d&#8217;escaladors i escaladores, que troben en ell un open l\u00fadic amb el qual celebrar l&#8217;esport que m\u00e9s ens agrada. Amb m\u00e9s de 880 participants i simult\u00e0niament en els 5 centres Climbat, el Winter Festival va oferir als i les assistents l&#8217;oportunitat d&#8217;enfrontar-se a nous blocs i vies dissenyats per a estimular tant la creativitat com la superaci\u00f3 personal. A m\u00e9s dels blocs i vies, en el Winter Festival els millors moments del dia es van viure durant les proves com el concurs de llancis, mostrant la destresa i precisi\u00f3 dels escaladors i escaladors, el bloc per parelles, el ja fam\u00f3s &#8220;Escalabirres&#8221;, amb r\u00e8cord d&#8217;altura i el \u201cLlan\u00e7ament al pernil\u201d, que s&#8217;ha convertit en un imprescindible de les \u00faltimes edicions. Aix\u00f2 ha estat possible gr\u00e0cies a les marques producte oficial Boreal, Singing Rock, +8000, Climbskin, Fixe i Edelrid, les marques de preses Grashopper, Thrill Seeker i Didak\u2019s, les empreses d&#8217;alimentaci\u00f3 Goya, Frit Ravich, Qualianza i Cervesa L&#8217;Aguila i la tenda especialitzada en productes de&#8230;<\/p>\n","protected":false},"author":3,"featured_media":43558,"comment_status":"closed","ping_status":"open","sticky":false,"template":"","format":"standard","meta":{"footnotes":""},"categories":[127,128],"tags":[],"categoria_centro":[101],"acf":[],"yoast_head":"<!-- This site is optimized with the Yoast SEO plugin v22.5 - https:\/\/yoast.com\/wordpress\/plugins\/seo\/ -->\n<title>R\u00c8CORD DE PARTICIPANTS AL WINTER FESTIVAL! - Inicio - Climbat | Climbing gyms<\/title>\n<meta name=\"robots\" content=\"index, follow, max-snippet:-1, max-image-preview:large, max-video-preview:-1\" \/>\n<link rel=\"canonical\" href=\"https:\/\/climbat.com\/ca\/record-de-participants-al-winter-festival\/\" \/>\n<meta property=\"og:locale\" content=\"en_US\" \/>\n<meta property=\"og:type\" content=\"article\" \/>\n<meta property=\"og:title\" content=\"R\u00c8CORD DE PARTICIPANTS AL WINTER FESTIVAL! - Inicio - Climbat | Climbing gyms\" \/>\n<meta property=\"og:description\" content=\"El Winter Festival 2024 ha tornat als cinc centres Climbat, aconseguint un \u00e8xit de participaci\u00f3 en la seva m\u00e9s recent edici\u00f3 celebrada el 23 de novembre. Aquest esdeveniment s&#8217;ha convertit en un referent per a la comunitat d&#8217;escaladors i escaladores, que troben en ell un open l\u00fadic amb el qual celebrar l&#8217;esport que m\u00e9s ens agrada. Amb m\u00e9s de 880 participants i simult\u00e0niament en els 5 centres Climbat, el Winter Festival va oferir als i les assistents l&#8217;oportunitat d&#8217;enfrontar-se a nous blocs i vies dissenyats per a estimular tant la creativitat com la superaci\u00f3 personal. A m\u00e9s dels blocs i vies, en el Winter Festival els millors moments del dia es van viure durant les proves com el concurs de llancis, mostrant la destresa i precisi\u00f3 dels escaladors i escaladors, el bloc per parelles, el ja fam\u00f3s &#8220;Escalabirres&#8221;, amb r\u00e8cord d&#8217;altura i el \u201cLlan\u00e7ament al pernil\u201d, que s&#8217;ha convertit en un imprescindible de les \u00faltimes edicions. Aix\u00f2 ha estat possible gr\u00e0cies a les marques producte oficial Boreal, Singing Rock, +8000, Climbskin, Fixe i Edelrid, les marques de preses Grashopper, Thrill Seeker i Didak\u2019s, les empreses d&#8217;alimentaci\u00f3 Goya, Frit Ravich, Qualianza i Cervesa L&#8217;Aguila i la tenda especialitzada en productes de...\" \/>\n<meta property=\"og:url\" content=\"https:\/\/climbat.com\/ca\/record-de-participants-al-winter-festival\/\" \/>\n<meta property=\"og:site_name\" content=\"Inicio - Climbat | Climbing gyms\" \/>\n<meta property=\"article:published_time\" content=\"2024-11-25T15:31:37+00:00\" \/>\n<meta property=\"article:modified_time\" content=\"2024-11-25T15:31:40+00:00\" \/>\n<meta property=\"og:image\" content=\"https:\/\/climbat.com\/wp-content\/uploads\/2024\/11\/WINTER-NDP-LOW19.jpeg\" \/>\n\t<meta property=\"og:image:width\" content=\"1600\" \/>\n\t<meta property=\"og:image:height\" content=\"1067\" \/>\n\t<meta property=\"og:image:type\" content=\"image\/jpeg\" \/>\n<meta name=\"author\" content=\"marketing\" \/>\n<meta name=\"twitter:card\" content=\"summary_large_image\" \/>\n<meta name=\"twitter:label1\" content=\"Written by\" \/>\n\t<meta name=\"twitter:data1\" content=\"marketing\" \/>\n\t<meta name=\"twitter:label2\" content=\"Est. reading time\" \/>\n\t<meta name=\"twitter:data2\" content=\"3 minutes\" \/>\n<script type=\"application\/ld+json\" class=\"yoast-schema-graph\">{\"@context\":\"https:\/\/schema.org\",\"@graph\":[{\"@type\":\"WebPage\",\"@id\":\"https:\/\/climbat.com\/ca\/record-de-participants-al-winter-festival\/\",\"url\":\"https:\/\/climbat.com\/ca\/record-de-participants-al-winter-festival\/\",\"name\":\"R\u00c8CORD DE PARTICIPANTS AL WINTER FESTIVAL! - Inicio - Climbat | Climbing gyms\",\"isPartOf\":{\"@id\":\"https:\/\/climbat.com\/#website\"},\"primaryImageOfPage\":{\"@id\":\"https:\/\/climbat.com\/ca\/record-de-participants-al-winter-festival\/#primaryimage\"},\"image\":{\"@id\":\"https:\/\/climbat.com\/ca\/record-de-participants-al-winter-festival\/#primaryimage\"},\"thumbnailUrl\":\"https:\/\/climbat.com\/wp-content\/uploads\/2024\/11\/WINTER-NDP-LOW19.jpeg\",\"datePublished\":\"2024-11-25T15:31:37+00:00\",\"dateModified\":\"2024-11-25T15:31:40+00:00\",\"author\":{\"@id\":\"https:\/\/climbat.com\/#\/schema\/person\/c92ebe03b79afd91a71f7143c472e6be\"},\"breadcrumb\":{\"@id\":\"https:\/\/climbat.com\/ca\/record-de-participants-al-winter-festival\/#breadcrumb\"},\"inLanguage\":\"cat\",\"potentialAction\":[{\"@type\":\"ReadAction\",\"target\":[\"https:\/\/climbat.com\/ca\/record-de-participants-al-winter-festival\/\"]}]},{\"@type\":\"ImageObject\",\"inLanguage\":\"cat\",\"@id\":\"https:\/\/climbat.com\/ca\/record-de-participants-al-winter-festival\/#primaryimage\",\"url\":\"https:\/\/climbat.com\/wp-content\/uploads\/2024\/11\/WINTER-NDP-LOW19.jpeg\",\"contentUrl\":\"https:\/\/climbat.com\/wp-content\/uploads\/2024\/11\/WINTER-NDP-LOW19.jpeg\",\"width\":1600,\"height\":1067},{\"@type\":\"BreadcrumbList\",\"@id\":\"https:\/\/climbat.com\/ca\/record-de-participants-al-winter-festival\/#breadcrumb\",\"itemListElement\":[{\"@type\":\"ListItem\",\"position\":1,\"name\":\"Portada\",\"item\":\"https:\/\/climbat.com\/ca\/\"},{\"@type\":\"ListItem\",\"position\":2,\"name\":\"R\u00c8CORD DE PARTICIPANTS AL WINTER FESTIVAL!\"}]},{\"@type\":\"WebSite\",\"@id\":\"https:\/\/climbat.com\/#website\",\"url\":\"https:\/\/climbat.com\/\",\"name\":\"Inicio - Climbat | Climbing gyms\",\"description\":\"Climbat es referente en el mundo de la escalada como operador de salas de escalada orientados a p\u00fablicos de todos los niveles\",\"potentialAction\":[{\"@type\":\"SearchAction\",\"target\":{\"@type\":\"EntryPoint\",\"urlTemplate\":\"https:\/\/climbat.com\/?s={search_term_string}\"},\"query-input\":\"required name=search_term_string\"}],\"inLanguage\":\"cat\"},{\"@type\":\"Person\",\"@id\":\"https:\/\/climbat.com\/#\/schema\/person\/c92ebe03b79afd91a71f7143c472e6be\",\"name\":\"marketing\",\"image\":{\"@type\":\"ImageObject\",\"inLanguage\":\"cat\",\"@id\":\"https:\/\/climbat.com\/#\/schema\/person\/image\/\",\"url\":\"https:\/\/secure.gravatar.com\/avatar\/6ef666864d6abb8bbb14b2f46feb4be3?s=96&d=mm&r=g\",\"contentUrl\":\"https:\/\/secure.gravatar.com\/avatar\/6ef666864d6abb8bbb14b2f46feb4be3?s=96&d=mm&r=g\",\"caption\":\"marketing\"}}]}<\/script>\n<!-- \/ Yoast SEO plugin. -->","yoast_head_json":{"title":"R\u00c8CORD DE PARTICIPANTS AL WINTER FESTIVAL! - Inicio - Climbat | Climbing gyms","robots":{"index":"index","follow":"follow","max-snippet":"max-snippet:-1","max-image-preview":"max-image-preview:large","max-video-preview":"max-video-preview:-1"},"canonical":"https:\/\/climbat.com\/ca\/record-de-participants-al-winter-festival\/","og_locale":"en_US","og_type":"article","og_title":"R\u00c8CORD DE PARTICIPANTS AL WINTER FESTIVAL! - Inicio - Climbat | Climbing gyms","og_description":"El Winter Festival 2024 ha tornat als cinc centres Climbat, aconseguint un \u00e8xit de participaci\u00f3 en la seva m\u00e9s recent edici\u00f3 celebrada el 23 de novembre. Aquest esdeveniment s&#8217;ha convertit en un referent per a la comunitat d&#8217;escaladors i escaladores, que troben en ell un open l\u00fadic amb el qual celebrar l&#8217;esport que m\u00e9s ens agrada. Amb m\u00e9s de 880 participants i simult\u00e0niament en els 5 centres Climbat, el Winter Festival va oferir als i les assistents l&#8217;oportunitat d&#8217;enfrontar-se a nous blocs i vies dissenyats per a estimular tant la creativitat com la superaci\u00f3 personal. A m\u00e9s dels blocs i vies, en el Winter Festival els millors moments del dia es van viure durant les proves com el concurs de llancis, mostrant la destresa i precisi\u00f3 dels escaladors i escaladors, el bloc per parelles, el ja fam\u00f3s &#8220;Escalabirres&#8221;, amb r\u00e8cord d&#8217;altura i el \u201cLlan\u00e7ament al pernil\u201d, que s&#8217;ha convertit en un imprescindible de les \u00faltimes edicions. Aix\u00f2 ha estat possible gr\u00e0cies a les marques producte oficial Boreal, Singing Rock, +8000, Climbskin, Fixe i Edelrid, les marques de preses Grashopper, Thrill Seeker i Didak\u2019s, les empreses d&#8217;alimentaci\u00f3 Goya, Frit Ravich, Qualianza i Cervesa L&#8217;Aguila i la tenda especialitzada en productes de...","og_url":"https:\/\/climbat.com\/ca\/record-de-participants-al-winter-festival\/","og_site_name":"Inicio - Climbat | Climbing gyms","article_published_time":"2024-11-25T15:31:37+00:00","article_modified_time":"2024-11-25T15:31:40+00:00","og_image":[{"width":1600,"height":1067,"url":"https:\/\/climbat.com\/wp-content\/uploads\/2024\/11\/WINTER-NDP-LOW19.jpeg","type":"image\/jpeg"}],"author":"marketing","twitter_card":"summary_large_image","twitter_misc":{"Written by":"marketing","Est. reading time":"3 minutes"},"schema":{"@context":"https:\/\/schema.org","@graph":[{"@type":"WebPage","@id":"https:\/\/climbat.com\/ca\/record-de-participants-al-winter-festival\/","url":"https:\/\/climbat.com\/ca\/record-de-participants-al-winter-festival\/","name":"R\u00c8CORD DE PARTICIPANTS AL WINTER FESTIVAL! - Inicio - Climbat | Climbing gyms","isPartOf":{"@id":"https:\/\/climbat.com\/#website"},"primaryImageOfPage":{"@id":"https:\/\/climbat.com\/ca\/record-de-participants-al-winter-festival\/#primaryimage"},"image":{"@id":"https:\/\/climbat.com\/ca\/record-de-participants-al-winter-festival\/#primaryimage"},"thumbnailUrl":"https:\/\/climbat.com\/wp-content\/uploads\/2024\/11\/WINTER-NDP-LOW19.jpeg","datePublished":"2024-11-25T15:31:37+00:00","dateModified":"2024-11-25T15:31:40+00:00","author":{"@id":"https:\/\/climbat.com\/#\/schema\/person\/c92ebe03b79afd91a71f7143c472e6be"},"breadcrumb":{"@id":"https:\/\/climbat.com\/ca\/record-de-participants-al-winter-festival\/#breadcrumb"},"inLanguage":"cat","potentialAction":[{"@type":"ReadAction","target":["https:\/\/climbat.com\/ca\/record-de-participants-al-winter-festival\/"]}]},{"@type":"ImageObject","inLanguage":"cat","@id":"https:\/\/climbat.com\/ca\/record-de-participants-al-winter-festival\/#primaryimage","url":"https:\/\/climbat.com\/wp-content\/uploads\/2024\/11\/WINTER-NDP-LOW19.jpeg","contentUrl":"https:\/\/climbat.com\/wp-content\/uploads\/2024\/11\/WINTER-NDP-LOW19.jpeg","width":1600,"height":1067},{"@type":"BreadcrumbList","@id":"https:\/\/climbat.com\/ca\/record-de-participants-al-winter-festival\/#breadcrumb","itemListElement":[{"@type":"ListItem","position":1,"name":"Portada","item":"https:\/\/climbat.com\/ca\/"},{"@type":"ListItem","position":2,"name":"R\u00c8CORD DE PARTICIPANTS AL WINTER FESTIVAL!"}]},{"@type":"WebSite","@id":"https:\/\/climbat.com\/#website","url":"https:\/\/climbat.com\/","name":"Inicio - Climbat | Climbing gyms","description":"Climbat es referente en el mundo de la escalada como operador de salas de escalada orientados a p\u00fablicos de todos los niveles","potentialAction":[{"@type":"SearchAction","target":{"@type":"EntryPoint","urlTemplate":"https:\/\/climbat.com\/?s={search_term_string}"},"query-input":"required name=search_term_string"}],"inLanguage":"cat"},{"@type":"Person","@id":"https:\/\/climbat.com\/#\/schema\/person\/c92ebe03b79afd91a71f7143c472e6be","name":"marketing","image":{"@type":"ImageObject","inLanguage":"cat","@id":"https:\/\/climbat.com\/#\/schema\/person\/image\/","url":"https:\/\/secure.gravatar.com\/avatar\/6ef666864d6abb8bbb14b2f46feb4be3?s=96&d=mm&r=g","contentUrl":"https:\/\/secure.gravatar.com\/avatar\/6ef666864d6abb8bbb14b2f46feb4be3?s=96&d=mm&r=g","caption":"marketing"}}]}},"_links":{"self":[{"href":"https:\/\/climbat.com\/ca\/wp-json\/wp\/v2\/posts\/43561"}],"collection":[{"href":"https:\/\/climbat.com\/ca\/wp-json\/wp\/v2\/posts"}],"about":[{"href":"https:\/\/climbat.com\/ca\/wp-json\/wp\/v2\/types\/post"}],"author":[{"embeddable":true,"href":"https:\/\/climbat.com\/ca\/wp-json\/wp\/v2\/users\/3"}],"replies":[{"embeddable":true,"href":"https:\/\/climbat.com\/ca\/wp-json\/wp\/v2\/comments?post=43561"}],"version-history":[{"count":0,"href":"https:\/\/climbat.com\/ca\/wp-json\/wp\/v2\/posts\/43561\/revisions"}],"wp:featuredmedia":[{"embeddable":true,"href":"https:\/\/climbat.com\/ca\/wp-json\/wp\/v2\/media\/43558"}],"wp:attachment":[{"href":"https:\/\/climbat.com\/ca\/wp-json\/wp\/v2\/media?parent=43561"}],"wp:term":[{"taxonomy":"category","embeddable":true,"href":"https:\/\/climbat.com\/ca\/wp-json\/wp\/v2\/categories?post=43561"},{"taxonomy":"post_tag","embeddable":true,"href":"https:\/\/climbat.com\/ca\/wp-json\/wp\/v2\/tags?post=43561"},{"taxonomy":"categoria_centro","embeddable":true,"href":"https:\/\/climbat.com\/ca\/wp-json\/wp\/v2\/categoria_centro?post=43561"}],"curies":[{"name":"wp","href":"https:\/\/api.w.org\/{rel}","templated":true}]}}