{"id":37875,"date":"2023-10-20T12:43:09","date_gmt":"2023-10-20T12:43:09","guid":{"rendered":"https:\/\/climbat.com\/?p=37875"},"modified":"2023-10-26T14:27:10","modified_gmt":"2023-10-26T14:27:10","slug":"19-10-23-superaccio","status":"publish","type":"post","link":"https:\/\/climbat.com\/ca\/19-10-23-superaccio\/","title":{"rendered":"INAUGURACI\u00d3 DE LA NOVA ESTRUCTURA D&#8217;ESCALADA EN BLOC I FIRMA DEL CONVENI SUPERACCI\u00d3"},"content":{"rendered":"\n<p><strong>El CEM d&#8217;Escalada Climbat La Foixarda ha inaugurat la seva innovadora estructura d&#8217;escalada en bloc i ha signat un conveni amb l\u2019Associaci\u00f3 Superacci\u00f3.<\/strong><strong><\/strong><\/p>\n\n\n\n<p>L&#8217;acte ha comptat amb la pres\u00e8ncia de David Escud\u00e9,&nbsp;regidor d&#8217;Esports de l&#8217;Ajuntament de Barcelona; Susana Closa,&nbsp;gerenta&nbsp;de l\u2019Institut Barcelona Esports; i Zouhair Zammouri,&nbsp;fundador i director de l&#8217;Associaci\u00f3 Superacci\u00f3.<\/p>\n\n\n\n<p>Sota la direcci\u00f3 de Jaume Oliveras,&nbsp;director del CEM d\u2019Escalada Climbat La Foixarda, s&#8217;ha ofert una visita guiada per les modernitzades instal\u00b7lacions. L&#8217;estructura&nbsp;destaca&nbsp;per les seves millores significatives en qualitat i seguretat, proporcionant m\u00e9s superf\u00edcie escalable i optimitzant l&#8217;espai per una experi\u00e8ncia d&#8217;escalada superior. Les renovacions inclouen una millora en les parets, una estructura interna m\u00e9s robusta i plafons modernitzats, augmentant la seguretat i les opcions disponibles per als usuaris de totes les edats i habilitats.<\/p>\n\n\n\n<p>La segona part de l&#8217;acte s&#8217;ha centrat&nbsp;en la signatura del conveni amb l\u2019Associaci\u00f3 Superacci\u00f3, una entitat dedicada a fomentar la superaci\u00f3 dels joves en risc d\u2019exclusi\u00f3 social a trav\u00e9s de l\u2019esport. Aquesta col\u00b7laboraci\u00f3 representa l&#8217;impacte social del CEM d&#8217;Escalada Climbat La Foixarda, garantint que l&#8217;escalada sigui accessible per a tothom, independentment del seu context socioecon\u00f2mic.<\/p>\n\n\n\n<p>Declaracions dels protagonistes:<\/p>\n\n\n\n<p>&nbsp;Jaume Oliveras, gerent Climbat: \u201cAix\u00f2 era un espai mort, tancat i que fa 10 anys l\u2019Ajuntament de Barcelona es va proposar convertir-lo en un&nbsp;centre municipal d\u2019escalada. 10 anys despr\u00e9s,&nbsp;s\u2019ha convertit en un centre que dona un servei al ciutad\u00e0&nbsp;i,&nbsp;a m\u00e9s,&nbsp;aporta rendiment econ\u00f2mic\u201d.<\/p>\n\n\n\n<p>David Escud\u00e9 ha afegit:&nbsp;\u201cL\u2019escalada \u00e9s una disciplina esportiva emocionant que fomenta la superaci\u00f3 personal, l\u2019activitat f\u00edsica i la integraci\u00f3 social. Aquestes instal\u00b7lacions han contribu\u00eft activament en la nostra missi\u00f3 de promoure un estil de vida actiu i saludable entre la ciutadania, alhora que han consolidat l\u2019escalada a la ciutat, ja que nom\u00e9s pel CEM d\u2019Escalada Climbat La Foixarda passen 30.000 persones al mes\u201d.<\/p>\n\n\n\n<p>Oliveras va concloure: &#8220;Amb Superacci\u00f3, ens comprometem a influir positivament en la vida dels joves, promovent la integraci\u00f3, la igualtat d\u2019oportunitats i la inserci\u00f3 social mitjan\u00e7ant l\u2019escalada\u201d.<\/p>\n\n\n\n<p>Reafirmant el seu comprom\u00eds amb l&#8217;excel\u00b7l\u00e8ncia esportiva, el CEM d&#8217;Escalada Climbat La Foixarda demostra que la innovaci\u00f3 i la responsabilitat social s\u00f3n fonamentals per a la promoci\u00f3 de l&#8217;esport i el benestar comunitari. Amb ambicions altes per al futur, el centre espera continuar sent un referent per a la comunitat d&#8217;escalada.<\/p>\n\n\n\n<p><\/p>\n\n\n\n<figure class=\"wp-block-embed is-type-video is-provider-youtube wp-block-embed-youtube wp-embed-aspect-16-9 wp-has-aspect-ratio\"><div class=\"wp-block-embed__wrapper\">\n<iframe loading=\"lazy\" title=\"Inauguracio\u0301n de la nueva estructura y firma del acuerdo con l&#039;Associacio\u0301 Superaccio\u0301\" width=\"1200\" height=\"675\" src=\"https:\/\/www.youtube.com\/embed\/RWYmiF5z87s?feature=oembed\" frameborder=\"0\" allow=\"accelerometer; autoplay; clipboard-write; encrypted-media; gyroscope; picture-in-picture; web-share\" allowfullscreen><\/iframe>\n<\/div><\/figure>\n","protected":false},"excerpt":{"rendered":"<p>El CEM d&#8217;Escalada Climbat La Foixarda ha inaugurat la seva innovadora estructura d&#8217;escalada en bloc i ha signat un conveni amb l\u2019Associaci\u00f3 Superacci\u00f3. L&#8217;acte ha comptat amb la pres\u00e8ncia de David Escud\u00e9,&nbsp;regidor d&#8217;Esports de l&#8217;Ajuntament de Barcelona; Susana Closa,&nbsp;gerenta&nbsp;de l\u2019Institut Barcelona Esports; i Zouhair Zammouri,&nbsp;fundador i director de l&#8217;Associaci\u00f3 Superacci\u00f3. Sota la direcci\u00f3 de Jaume Oliveras,&nbsp;director del CEM d\u2019Escalada Climbat La Foixarda, s&#8217;ha ofert una visita guiada per les modernitzades instal\u00b7lacions. L&#8217;estructura&nbsp;destaca&nbsp;per les seves millores significatives en qualitat i seguretat, proporcionant m\u00e9s superf\u00edcie escalable i optimitzant l&#8217;espai per una experi\u00e8ncia d&#8217;escalada superior. Les renovacions inclouen una millora en les parets, una estructura interna m\u00e9s robusta i plafons modernitzats, augmentant la seguretat i les opcions disponibles per als usuaris de totes les edats i habilitats. La segona part de l&#8217;acte s&#8217;ha centrat&nbsp;en la signatura del conveni amb l\u2019Associaci\u00f3 Superacci\u00f3, una entitat dedicada a fomentar la superaci\u00f3 dels joves en risc d\u2019exclusi\u00f3 social a trav\u00e9s de l\u2019esport. Aquesta col\u00b7laboraci\u00f3 representa l&#8217;impacte social del CEM d&#8217;Escalada Climbat La Foixarda, garantint que l&#8217;escalada sigui accessible per a tothom, independentment del seu context socioecon\u00f2mic. Declaracions dels protagonistes: &nbsp;Jaume Oliveras, gerent Climbat: \u201cAix\u00f2 era un espai mort, tancat i que fa 10 anys l\u2019Ajuntament de Barcelona&#8230;<\/p>\n","protected":false},"author":3,"featured_media":37887,"comment_status":"closed","ping_status":"open","sticky":false,"template":"","format":"standard","meta":{"footnotes":""},"categories":[127,128],"tags":[],"categoria_centro":[101],"acf":[],"yoast_head":"<!-- This site is optimized with the Yoast SEO plugin v22.5 - https:\/\/yoast.com\/wordpress\/plugins\/seo\/ -->\n<title>INAUGURACI\u00d3 DE LA NOVA ESTRUCTURA D&#039;ESCALADA EN BLOC I FIRMA DEL CONVENI SUPERACCI\u00d3 - Inicio - Climbat | Climbing gyms<\/title>\n<meta name=\"robots\" content=\"index, follow, max-snippet:-1, max-image-preview:large, max-video-preview:-1\" \/>\n<link rel=\"canonical\" href=\"https:\/\/climbat.com\/ca\/19-10-23-superaccio\/\" \/>\n<meta property=\"og:locale\" content=\"en_US\" \/>\n<meta property=\"og:type\" content=\"article\" \/>\n<meta property=\"og:title\" content=\"INAUGURACI\u00d3 DE LA NOVA ESTRUCTURA D&#039;ESCALADA EN BLOC I FIRMA DEL CONVENI SUPERACCI\u00d3 - Inicio - Climbat | Climbing gyms\" \/>\n<meta property=\"og:description\" content=\"El CEM d&#8217;Escalada Climbat La Foixarda ha inaugurat la seva innovadora estructura d&#8217;escalada en bloc i ha signat un conveni amb l\u2019Associaci\u00f3 Superacci\u00f3. L&#8217;acte ha comptat amb la pres\u00e8ncia de David Escud\u00e9,&nbsp;regidor d&#8217;Esports de l&#8217;Ajuntament de Barcelona; Susana Closa,&nbsp;gerenta&nbsp;de l\u2019Institut Barcelona Esports; i Zouhair Zammouri,&nbsp;fundador i director de l&#8217;Associaci\u00f3 Superacci\u00f3. Sota la direcci\u00f3 de Jaume Oliveras,&nbsp;director del CEM d\u2019Escalada Climbat La Foixarda, s&#8217;ha ofert una visita guiada per les modernitzades instal\u00b7lacions. L&#8217;estructura&nbsp;destaca&nbsp;per les seves millores significatives en qualitat i seguretat, proporcionant m\u00e9s superf\u00edcie escalable i optimitzant l&#8217;espai per una experi\u00e8ncia d&#8217;escalada superior. Les renovacions inclouen una millora en les parets, una estructura interna m\u00e9s robusta i plafons modernitzats, augmentant la seguretat i les opcions disponibles per als usuaris de totes les edats i habilitats. La segona part de l&#8217;acte s&#8217;ha centrat&nbsp;en la signatura del conveni amb l\u2019Associaci\u00f3 Superacci\u00f3, una entitat dedicada a fomentar la superaci\u00f3 dels joves en risc d\u2019exclusi\u00f3 social a trav\u00e9s de l\u2019esport. Aquesta col\u00b7laboraci\u00f3 representa l&#8217;impacte social del CEM d&#8217;Escalada Climbat La Foixarda, garantint que l&#8217;escalada sigui accessible per a tothom, independentment del seu context socioecon\u00f2mic. Declaracions dels protagonistes: &nbsp;Jaume Oliveras, gerent Climbat: \u201cAix\u00f2 era un espai mort, tancat i que fa 10 anys l\u2019Ajuntament de Barcelona...\" \/>\n<meta property=\"og:url\" content=\"https:\/\/climbat.com\/ca\/19-10-23-superaccio\/\" \/>\n<meta property=\"og:site_name\" content=\"Inicio - Climbat | Climbing gyms\" \/>\n<meta property=\"article:published_time\" content=\"2023-10-20T12:43:09+00:00\" \/>\n<meta property=\"article:modified_time\" content=\"2023-10-26T14:27:10+00:00\" \/>\n<meta property=\"og:image\" content=\"https:\/\/climbat.com\/wp-content\/uploads\/2023\/10\/1-1.jpg\" \/>\n\t<meta property=\"og:image:width\" content=\"1921\" \/>\n\t<meta property=\"og:image:height\" content=\"1079\" \/>\n\t<meta property=\"og:image:type\" content=\"image\/jpeg\" \/>\n<meta name=\"author\" content=\"marketing\" \/>\n<meta name=\"twitter:card\" content=\"summary_large_image\" \/>\n<meta name=\"twitter:label1\" content=\"Written by\" \/>\n\t<meta name=\"twitter:data1\" content=\"marketing\" \/>\n\t<meta name=\"twitter:label2\" content=\"Est. reading time\" \/>\n\t<meta name=\"twitter:data2\" content=\"2 minutes\" \/>\n<script type=\"application\/ld+json\" class=\"yoast-schema-graph\">{\"@context\":\"https:\/\/schema.org\",\"@graph\":[{\"@type\":\"WebPage\",\"@id\":\"https:\/\/climbat.com\/ca\/19-10-23-superaccio\/\",\"url\":\"https:\/\/climbat.com\/ca\/19-10-23-superaccio\/\",\"name\":\"INAUGURACI\u00d3 DE LA NOVA ESTRUCTURA D'ESCALADA EN BLOC I FIRMA DEL CONVENI SUPERACCI\u00d3 - Inicio - Climbat | Climbing gyms\",\"isPartOf\":{\"@id\":\"https:\/\/climbat.com\/#website\"},\"primaryImageOfPage\":{\"@id\":\"https:\/\/climbat.com\/ca\/19-10-23-superaccio\/#primaryimage\"},\"image\":{\"@id\":\"https:\/\/climbat.com\/ca\/19-10-23-superaccio\/#primaryimage\"},\"thumbnailUrl\":\"https:\/\/climbat.com\/wp-content\/uploads\/2023\/10\/1-1.jpg\",\"datePublished\":\"2023-10-20T12:43:09+00:00\",\"dateModified\":\"2023-10-26T14:27:10+00:00\",\"author\":{\"@id\":\"https:\/\/climbat.com\/#\/schema\/person\/c92ebe03b79afd91a71f7143c472e6be\"},\"breadcrumb\":{\"@id\":\"https:\/\/climbat.com\/ca\/19-10-23-superaccio\/#breadcrumb\"},\"inLanguage\":\"cat\",\"potentialAction\":[{\"@type\":\"ReadAction\",\"target\":[\"https:\/\/climbat.com\/ca\/19-10-23-superaccio\/\"]}]},{\"@type\":\"ImageObject\",\"inLanguage\":\"cat\",\"@id\":\"https:\/\/climbat.com\/ca\/19-10-23-superaccio\/#primaryimage\",\"url\":\"https:\/\/climbat.com\/wp-content\/uploads\/2023\/10\/1-1.jpg\",\"contentUrl\":\"https:\/\/climbat.com\/wp-content\/uploads\/2023\/10\/1-1.jpg\",\"width\":1921,\"height\":1079,\"caption\":\"SUPERACCIO\"},{\"@type\":\"BreadcrumbList\",\"@id\":\"https:\/\/climbat.com\/ca\/19-10-23-superaccio\/#breadcrumb\",\"itemListElement\":[{\"@type\":\"ListItem\",\"position\":1,\"name\":\"Portada\",\"item\":\"https:\/\/climbat.com\/ca\/\"},{\"@type\":\"ListItem\",\"position\":2,\"name\":\"INAUGURACI\u00d3 DE LA NOVA ESTRUCTURA D&#8217;ESCALADA EN BLOC I FIRMA DEL CONVENI SUPERACCI\u00d3\"}]},{\"@type\":\"WebSite\",\"@id\":\"https:\/\/climbat.com\/#website\",\"url\":\"https:\/\/climbat.com\/\",\"name\":\"Inicio - Climbat | Climbing gyms\",\"description\":\"Climbat es referente en el mundo de la escalada como operador de salas de escalada orientados a p\u00fablicos de todos los niveles\",\"potentialAction\":[{\"@type\":\"SearchAction\",\"target\":{\"@type\":\"EntryPoint\",\"urlTemplate\":\"https:\/\/climbat.com\/?s={search_term_string}\"},\"query-input\":\"required name=search_term_string\"}],\"inLanguage\":\"cat\"},{\"@type\":\"Person\",\"@id\":\"https:\/\/climbat.com\/#\/schema\/person\/c92ebe03b79afd91a71f7143c472e6be\",\"name\":\"marketing\",\"image\":{\"@type\":\"ImageObject\",\"inLanguage\":\"cat\",\"@id\":\"https:\/\/climbat.com\/#\/schema\/person\/image\/\",\"url\":\"https:\/\/secure.gravatar.com\/avatar\/6ef666864d6abb8bbb14b2f46feb4be3?s=96&d=mm&r=g\",\"contentUrl\":\"https:\/\/secure.gravatar.com\/avatar\/6ef666864d6abb8bbb14b2f46feb4be3?s=96&d=mm&r=g\",\"caption\":\"marketing\"}}]}<\/script>\n<!-- \/ Yoast SEO plugin. -->","yoast_head_json":{"title":"INAUGURACI\u00d3 DE LA NOVA ESTRUCTURA D'ESCALADA EN BLOC I FIRMA DEL CONVENI SUPERACCI\u00d3 - Inicio - Climbat | Climbing gyms","robots":{"index":"index","follow":"follow","max-snippet":"max-snippet:-1","max-image-preview":"max-image-preview:large","max-video-preview":"max-video-preview:-1"},"canonical":"https:\/\/climbat.com\/ca\/19-10-23-superaccio\/","og_locale":"en_US","og_type":"article","og_title":"INAUGURACI\u00d3 DE LA NOVA ESTRUCTURA D'ESCALADA EN BLOC I FIRMA DEL CONVENI SUPERACCI\u00d3 - Inicio - Climbat | Climbing gyms","og_description":"El CEM d&#8217;Escalada Climbat La Foixarda ha inaugurat la seva innovadora estructura d&#8217;escalada en bloc i ha signat un conveni amb l\u2019Associaci\u00f3 Superacci\u00f3. L&#8217;acte ha comptat amb la pres\u00e8ncia de David Escud\u00e9,&nbsp;regidor d&#8217;Esports de l&#8217;Ajuntament de Barcelona; Susana Closa,&nbsp;gerenta&nbsp;de l\u2019Institut Barcelona Esports; i Zouhair Zammouri,&nbsp;fundador i director de l&#8217;Associaci\u00f3 Superacci\u00f3. Sota la direcci\u00f3 de Jaume Oliveras,&nbsp;director del CEM d\u2019Escalada Climbat La Foixarda, s&#8217;ha ofert una visita guiada per les modernitzades instal\u00b7lacions. L&#8217;estructura&nbsp;destaca&nbsp;per les seves millores significatives en qualitat i seguretat, proporcionant m\u00e9s superf\u00edcie escalable i optimitzant l&#8217;espai per una experi\u00e8ncia d&#8217;escalada superior. Les renovacions inclouen una millora en les parets, una estructura interna m\u00e9s robusta i plafons modernitzats, augmentant la seguretat i les opcions disponibles per als usuaris de totes les edats i habilitats. La segona part de l&#8217;acte s&#8217;ha centrat&nbsp;en la signatura del conveni amb l\u2019Associaci\u00f3 Superacci\u00f3, una entitat dedicada a fomentar la superaci\u00f3 dels joves en risc d\u2019exclusi\u00f3 social a trav\u00e9s de l\u2019esport. Aquesta col\u00b7laboraci\u00f3 representa l&#8217;impacte social del CEM d&#8217;Escalada Climbat La Foixarda, garantint que l&#8217;escalada sigui accessible per a tothom, independentment del seu context socioecon\u00f2mic. Declaracions dels protagonistes: &nbsp;Jaume Oliveras, gerent Climbat: \u201cAix\u00f2 era un espai mort, tancat i que fa 10 anys l\u2019Ajuntament de Barcelona...","og_url":"https:\/\/climbat.com\/ca\/19-10-23-superaccio\/","og_site_name":"Inicio - Climbat | Climbing gyms","article_published_time":"2023-10-20T12:43:09+00:00","article_modified_time":"2023-10-26T14:27:10+00:00","og_image":[{"width":1921,"height":1079,"url":"https:\/\/climbat.com\/wp-content\/uploads\/2023\/10\/1-1.jpg","type":"image\/jpeg"}],"author":"marketing","twitter_card":"summary_large_image","twitter_misc":{"Written by":"marketing","Est. reading time":"2 minutes"},"schema":{"@context":"https:\/\/schema.org","@graph":[{"@type":"WebPage","@id":"https:\/\/climbat.com\/ca\/19-10-23-superaccio\/","url":"https:\/\/climbat.com\/ca\/19-10-23-superaccio\/","name":"INAUGURACI\u00d3 DE LA NOVA ESTRUCTURA D'ESCALADA EN BLOC I FIRMA DEL CONVENI SUPERACCI\u00d3 - Inicio - Climbat | Climbing gyms","isPartOf":{"@id":"https:\/\/climbat.com\/#website"},"primaryImageOfPage":{"@id":"https:\/\/climbat.com\/ca\/19-10-23-superaccio\/#primaryimage"},"image":{"@id":"https:\/\/climbat.com\/ca\/19-10-23-superaccio\/#primaryimage"},"thumbnailUrl":"https:\/\/climbat.com\/wp-content\/uploads\/2023\/10\/1-1.jpg","datePublished":"2023-10-20T12:43:09+00:00","dateModified":"2023-10-26T14:27:10+00:00","author":{"@id":"https:\/\/climbat.com\/#\/schema\/person\/c92ebe03b79afd91a71f7143c472e6be"},"breadcrumb":{"@id":"https:\/\/climbat.com\/ca\/19-10-23-superaccio\/#breadcrumb"},"inLanguage":"cat","potentialAction":[{"@type":"ReadAction","target":["https:\/\/climbat.com\/ca\/19-10-23-superaccio\/"]}]},{"@type":"ImageObject","inLanguage":"cat","@id":"https:\/\/climbat.com\/ca\/19-10-23-superaccio\/#primaryimage","url":"https:\/\/climbat.com\/wp-content\/uploads\/2023\/10\/1-1.jpg","contentUrl":"https:\/\/climbat.com\/wp-content\/uploads\/2023\/10\/1-1.jpg","width":1921,"height":1079,"caption":"SUPERACCIO"},{"@type":"BreadcrumbList","@id":"https:\/\/climbat.com\/ca\/19-10-23-superaccio\/#breadcrumb","itemListElement":[{"@type":"ListItem","position":1,"name":"Portada","item":"https:\/\/climbat.com\/ca\/"},{"@type":"ListItem","position":2,"name":"INAUGURACI\u00d3 DE LA NOVA ESTRUCTURA D&#8217;ESCALADA EN BLOC I FIRMA DEL CONVENI SUPERACCI\u00d3"}]},{"@type":"WebSite","@id":"https:\/\/climbat.com\/#website","url":"https:\/\/climbat.com\/","name":"Inicio - Climbat | Climbing gyms","description":"Climbat es referente en el mundo de la escalada como operador de salas de escalada orientados a p\u00fablicos de todos los niveles","potentialAction":[{"@type":"SearchAction","target":{"@type":"EntryPoint","urlTemplate":"https:\/\/climbat.com\/?s={search_term_string}"},"query-input":"required name=search_term_string"}],"inLanguage":"cat"},{"@type":"Person","@id":"https:\/\/climbat.com\/#\/schema\/person\/c92ebe03b79afd91a71f7143c472e6be","name":"marketing","image":{"@type":"ImageObject","inLanguage":"cat","@id":"https:\/\/climbat.com\/#\/schema\/person\/image\/","url":"https:\/\/secure.gravatar.com\/avatar\/6ef666864d6abb8bbb14b2f46feb4be3?s=96&d=mm&r=g","contentUrl":"https:\/\/secure.gravatar.com\/avatar\/6ef666864d6abb8bbb14b2f46feb4be3?s=96&d=mm&r=g","caption":"marketing"}}]}},"_links":{"self":[{"href":"https:\/\/climbat.com\/ca\/wp-json\/wp\/v2\/posts\/37875"}],"collection":[{"href":"https:\/\/climbat.com\/ca\/wp-json\/wp\/v2\/posts"}],"about":[{"href":"https:\/\/climbat.com\/ca\/wp-json\/wp\/v2\/types\/post"}],"author":[{"embeddable":true,"href":"https:\/\/climbat.com\/ca\/wp-json\/wp\/v2\/users\/3"}],"replies":[{"embeddable":true,"href":"https:\/\/climbat.com\/ca\/wp-json\/wp\/v2\/comments?post=37875"}],"version-history":[{"count":0,"href":"https:\/\/climbat.com\/ca\/wp-json\/wp\/v2\/posts\/37875\/revisions"}],"wp:featuredmedia":[{"embeddable":true,"href":"https:\/\/climbat.com\/ca\/wp-json\/wp\/v2\/media\/37887"}],"wp:attachment":[{"href":"https:\/\/climbat.com\/ca\/wp-json\/wp\/v2\/media?parent=37875"}],"wp:term":[{"taxonomy":"category","embeddable":true,"href":"https:\/\/climbat.com\/ca\/wp-json\/wp\/v2\/categories?post=37875"},{"taxonomy":"post_tag","embeddable":true,"href":"https:\/\/climbat.com\/ca\/wp-json\/wp\/v2\/tags?post=37875"},{"taxonomy":"categoria_centro","embeddable":true,"href":"https:\/\/climbat.com\/ca\/wp-json\/wp\/v2\/categoria_centro?post=37875"}],"curies":[{"name":"wp","href":"https:\/\/api.w.org\/{rel}","templated":true}]}}