{"id":35316,"date":"2023-04-27T09:51:06","date_gmt":"2023-04-27T09:51:06","guid":{"rendered":"https:\/\/climbat.com\/?p=35316"},"modified":"2023-04-27T09:51:11","modified_gmt":"2023-04-27T09:51:11","slug":"exit-en-la-1a-edicio-del-i-open-bloc-ciutat-de-bcn-i-el-climbat-kombat","status":"publish","type":"post","link":"https:\/\/climbat.com\/ca\/exit-en-la-1a-edicio-del-i-open-bloc-ciutat-de-bcn-i-el-climbat-kombat\/","title":{"rendered":"\u00c8XIT EN LA 1a EDICI\u00d3 DEl I\u00a0OPEN\u00a0BLOC\u00a0CIUTAT\u00a0DE BCN I EL\u00a0CLIMBAT\u00a0KOMBAT"},"content":{"rendered":"\n<p><strong>Climbat\u00a0signatura una espectacular primera edici\u00f3 del\u00a0Climbat\u00a0Kombat\u00a0i confirma que aquest esdeveniment ha arribat per a qued\u00e9s.<\/strong><\/p>\n\n\n\n<p>Maria Benach i\u00a0Jonatan\u00a0Flor han estat els guanyadors en la categoria masculina i femenina en una competici\u00f3 que ha estat un aut\u00e8ntic show i que corona a\u00a0Climbat\u00a0com a empresa referent en l&#8217;organitzaci\u00f3 d&#8217;esdeveniments d&#8217;escalada al nostre pa\u00eds.<\/p>\n\n\n\n<p>El\u00a0CEM\u00a0d\u2019Escalada\u00a0Climbat\u00a0La\u00a0Foixarda, ha estat aquest 22 d&#8217;abril, l&#8217;escenari d&#8217;un doble esdeveniment, l&#8217;I\u00a0Open\u00a0Bloc\u00a0Ciutat\u00a0de Barcelona en qu\u00e8 m\u00e9s de 300 persones han pogut gaudir de 50 blocs per a tots els nivells i de la primera edici\u00f3 del\u00a0Climbat\u00a0Kombat\u00a0que ha tingut com a protagonistes a Maria Benach, Luc\u00eda Miranda, Andrea\u00a0Cartas,\u00a0Marieta\u00a0Cartr\u00f3, Aida Torres, Marta Palou, Teresa Troya, Francis\u00a0Guillen, Dani\u00a0Andrada,\u00a0Edu\u00a0Mar\u00edn, Carles Brasco, Pedro Pons,\u00a0Beto\u00a0Rocasolano,\u00a0Citro, Gerard Rull i\u00a0Jonatan\u00a0Flor.<\/p>\n\n\n\n<p>Els esportistes han arribat al centre disposats a gaudir d&#8217;una competici\u00f3 sense precedents, amb un format nou d&#8217;encreuaments directes, amb vies sortejades a cara o creu  jugant-s&#8217;ho tot a un intent en una modalitat que ha combinat a la perfecci\u00f3 l&#8217;atractiu de l&#8217;escalada de dificultat i l&#8217;espectacularitat de la velocitat.<\/p>\n\n\n\n<p>Marc&nbsp;Carpinell&nbsp;i&nbsp;Felix&nbsp;Obrador,&nbsp;equipadores&nbsp;de l&#8217;esdeveniment, han aconseguit elaborar vies atractives per als i les escaladores que han hagut de donar el millor de si, realitzant moviments d&#8217;alta complexitat a gran velocitat per a arribar pel cap alt alt de la via.<\/p>\n\n\n\n<p><strong>Els duels<\/strong><\/p>\n\n\n\n<p>L&#8217;esdeveniment ha donat principi amb els quarts de final, que han enfrontat a Andrea&nbsp;Cartas&nbsp;amb Francis&nbsp;Guillen, Teresa Troia amb&nbsp;Marieta&nbsp;Cartr\u00f3, Marta Palou amb Luc\u00eda Miranda i Maria Benach amb Aida Torres.<\/p>\n\n\n\n<p>En els quarts de final del quadre mascul\u00ed, Dani&nbsp;Andrada&nbsp;ha lluitat amb&nbsp;Citro, Carles&nbsp;Brasc\u00f3&nbsp;amb Pedro Pons, Gerard Rull amb&nbsp;Jonatan&nbsp;Flor i&nbsp;Beto&nbsp;Rocasolano&nbsp;contra&nbsp;Edu&nbsp;Mar\u00edn.<\/p>\n\n\n\n<p>Dani&nbsp;Andrada&nbsp;ha superat en el seu duel a&nbsp;Citro, obtenint la seva pla\u00e7a per a competir en les semifinals contra Pedro Pons que ha ven\u00e7ut a Carles&nbsp;Brasc\u00f3, en un duel de llegendes&nbsp;igualad\u00edsimo.<\/p>\n\n\n\n<p>Les primeres dos semifinalistes en categoria femenina han estat Francis&nbsp;Guillen&nbsp;que ha ven\u00e7ut a Andrea&nbsp;Cartas, aconseguint el r\u00e8cord de temps de la via i Teresa Troia que ha estat m\u00e9s r\u00e0pida que&nbsp;Marieta&nbsp;Cartr\u00f3&nbsp;a arribar a tocar la campana.<\/p>\n\n\n\n<p>Per l&#8217;altre costat del quadre mascul\u00ed, s&#8217;han classificat per a semifinals,&nbsp;Jonatan&nbsp;Flor que ha superat a Gerard Rull, en un dels duels m\u00e9s r\u00e0pids dels quarts de final i&nbsp;Beto&nbsp;Rocasolano&nbsp;ha estat m\u00e9s r\u00e0pid que&nbsp;Edu&nbsp;Mar\u00edn, en un u contra un que s&#8217;ha decidit en l&#8217;\u00faltim&nbsp;chapaje&nbsp;i ha aixecat al p\u00fablic present en el&nbsp;CEM&nbsp;d\u2019Escalada&nbsp;Climbat&nbsp;La&nbsp;Foixarda.<\/p>\n\n\n\n<p>Les altres dues places per a les semifinals femenines han estat per a Luc\u00eda Miranda que ha ven\u00e7ut a Marta Palou i Maria Benach que ha superat a Aida Torres, en dos quarts de final&nbsp;igualad\u00edsimos.<\/p>\n\n\n\n<p>En la primera semifinal Dani&nbsp;Andrada, ha triat la via 2, via en la qual no s&#8217;havia guanyat cap duel i ha pogut imposar-se a Pedro Pons. Per la seva part&nbsp;Beto&nbsp;Rocasolano&nbsp;i&nbsp;Jonatan&nbsp;Flor han disputat una semifinal rapid\u00edssima en un duel que ha fet vibrar al p\u00fablic i que ha guanyat el segon tamb\u00e9 en la via 2.<\/p>\n\n\n\n<p>Teresa Troya ha guanyat la primera semifinal femenina contra una Francis\u00a0Guillen\u00a0que arribava al final de la via amb avantatge, per\u00f2 no ha pogut realitzar correctament l&#8217;\u00faltim\u00a0chapatge\u00a0que se li ha encallat.<\/p>\n\n\n\n<p>En l&#8217;\u00faltima semifinal, Maria Benach ha remuntat un inici rapid\u00edssim de Luc\u00eda Miranda per a imposar-se i guanyar-se un lloc en la final femenina.<\/p>\n\n\n\n<p>Prop de les&nbsp;22h&nbsp;de la nit, s&#8217;ha viscut el moment definitiu. 1000\u20ac de premi esperant a un dels dos escaladors i escaladores, que havien de fer el pegui perfecte per a guanyar la competici\u00f3.<\/p>\n\n\n\n<p>Maria Benach i Teresa Troya han disputat la final femenina, que ha estat un aut\u00e8ntic espectacle, amb moviments nom\u00e9s aptes per a les millors i a una velocitat extrema. Maria Benach s&#8217;ha imposat a Teresa Troya arribant a tocar la campana quan la seva companya ja estava molt prop d&#8217;aconseguir-la.<\/p>\n\n\n\n<p>Jonatan\u00a0Flor, s&#8217;ha enfrontat al seu preferit, Dani\u00a0Andrada, en un duel en qu\u00e8 la llegenda de l&#8217;escalada ho ha donat tot, per\u00f2 no ha pogut guanyar a\u00a0Jonatan\u00a0que ha realitzat un pegue pel record, que ha aixecat a tot el p\u00fablic present, per la seva espectacularitat.<\/p>\n\n\n\n<p>Els resultats dels duels han mostrat que les noves generacions pugen molt fortes, no obstant aix\u00f2, l&#8217;experi\u00e8ncia ens ha perm\u00e8s veure un ball de moviments incre\u00efblement t\u00e8cnics i ens ha demostrat que encara els queda molta corda.<\/p>\n\n\n\n<p>Aquest esdeveniment ha estat possible gr\u00e0cies als patrocinadors Boreal, +8000,&nbsp;EP&nbsp;i&nbsp;SingingRock&nbsp;que confien en els esdeveniments&nbsp;Climbat&nbsp;com el millor dels escenaris i amb els col\u00b7laboradors&nbsp;Ocun,&nbsp;Grasshopper,&nbsp;Petzl,&nbsp;Climbskin,&nbsp;Edelrid&nbsp;i Goya que continuen apostant per l&#8217;escalada com a esport de refer\u00e8ncia.<\/p>\n\n\n\n<p>Si no vas poder veure-ho en directe, fes clic en aquest enlla\u00e7 i podr\u00e0s reviure la competici\u00f3.<\/p>\n\n\n\n<ul>\n<li><strong><a href=\"https:\/\/www.youtube.com\/watch?v=fwEmragx5l4\" data-type=\"URL\" data-id=\"https:\/\/www.youtube.com\/watch?v=fwEmragx5l4\">Streaming Climbat Kombat<\/a><\/strong><\/li>\n<\/ul>\n\n\n\n<p>Vols veure m\u00e9s? Totes les imatges del doble esdeveniment ja estan penjades en el nostre\u00a0facebook<\/p>\n\n\n\n<ul>\n<li><strong><a href=\"https:\/\/www.facebook.com\/media\/set\/?set=a.612440180927724&amp;type=3\" data-type=\"URL\" data-id=\"https:\/\/www.facebook.com\/media\/set\/?set=a.612440180927724&amp;type=3\">Imatges Climbat Kombat<\/a><\/strong><\/li>\n\n\n\n<li><strong><a href=\"https:\/\/www.facebook.com\/media\/set\/?set=a.612437027594706&amp;type=3\" data-type=\"URL\" data-id=\"https:\/\/www.facebook.com\/media\/set\/?set=a.612437027594706&amp;type=3\">Imatges I Open Bloc Ciutat de Barcelona<\/a><\/strong><\/li>\n<\/ul>\n","protected":false},"excerpt":{"rendered":"<p>Climbat\u00a0signatura una espectacular primera edici\u00f3 del\u00a0Climbat\u00a0Kombat\u00a0i confirma que aquest esdeveniment ha arribat per a qued\u00e9s. Maria Benach i\u00a0Jonatan\u00a0Flor han estat els guanyadors en la categoria masculina i femenina en una competici\u00f3 que ha estat un aut\u00e8ntic show i que corona a\u00a0Climbat\u00a0com a empresa referent en l&#8217;organitzaci\u00f3 d&#8217;esdeveniments d&#8217;escalada al nostre pa\u00eds. El\u00a0CEM\u00a0d\u2019Escalada\u00a0Climbat\u00a0La\u00a0Foixarda, ha estat aquest 22 d&#8217;abril, l&#8217;escenari d&#8217;un doble esdeveniment, l&#8217;I\u00a0Open\u00a0Bloc\u00a0Ciutat\u00a0de Barcelona en qu\u00e8 m\u00e9s de 300 persones han pogut gaudir de 50 blocs per a tots els nivells i de la primera edici\u00f3 del\u00a0Climbat\u00a0Kombat\u00a0que ha tingut com a protagonistes a Maria Benach, Luc\u00eda Miranda, Andrea\u00a0Cartas,\u00a0Marieta\u00a0Cartr\u00f3, Aida Torres, Marta Palou, Teresa Troya, Francis\u00a0Guillen, Dani\u00a0Andrada,\u00a0Edu\u00a0Mar\u00edn, Carles Brasco, Pedro Pons,\u00a0Beto\u00a0Rocasolano,\u00a0Citro, Gerard Rull i\u00a0Jonatan\u00a0Flor. Els esportistes han arribat al centre disposats a gaudir d&#8217;una competici\u00f3 sense precedents, amb un format nou d&#8217;encreuaments directes, amb vies sortejades a cara o creu jugant-s&#8217;ho tot a un intent en una modalitat que ha combinat a la perfecci\u00f3 l&#8217;atractiu de l&#8217;escalada de dificultat i l&#8217;espectacularitat de la velocitat. Marc&nbsp;Carpinell&nbsp;i&nbsp;Felix&nbsp;Obrador,&nbsp;equipadores&nbsp;de l&#8217;esdeveniment, han aconseguit elaborar vies atractives per als i les escaladores que han hagut de donar el millor de si, realitzant moviments d&#8217;alta complexitat a gran velocitat per a arribar pel cap alt alt de la via&#8230;.<\/p>\n","protected":false},"author":3,"featured_media":35317,"comment_status":"closed","ping_status":"open","sticky":false,"template":"","format":"standard","meta":{"footnotes":""},"categories":[61],"tags":[],"categoria_centro":[101],"acf":[],"yoast_head":"<!-- This site is optimized with the Yoast SEO plugin v22.5 - https:\/\/yoast.com\/wordpress\/plugins\/seo\/ -->\n<title>\u00c8XIT EN LA 1a EDICI\u00d3 DEl I\u00a0OPEN\u00a0BLOC\u00a0CIUTAT\u00a0DE BCN I EL\u00a0CLIMBAT\u00a0KOMBAT - Inicio - Climbat | Climbing gyms<\/title>\n<meta name=\"robots\" content=\"index, follow, max-snippet:-1, max-image-preview:large, max-video-preview:-1\" \/>\n<link rel=\"canonical\" href=\"https:\/\/climbat.com\/ca\/exit-en-la-1a-edicio-del-i-open-bloc-ciutat-de-bcn-i-el-climbat-kombat\/\" \/>\n<meta property=\"og:locale\" content=\"en_US\" \/>\n<meta property=\"og:type\" content=\"article\" \/>\n<meta property=\"og:title\" content=\"\u00c8XIT EN LA 1a EDICI\u00d3 DEl I\u00a0OPEN\u00a0BLOC\u00a0CIUTAT\u00a0DE BCN I EL\u00a0CLIMBAT\u00a0KOMBAT - Inicio - Climbat | Climbing gyms\" \/>\n<meta property=\"og:description\" content=\"Climbat\u00a0signatura una espectacular primera edici\u00f3 del\u00a0Climbat\u00a0Kombat\u00a0i confirma que aquest esdeveniment ha arribat per a qued\u00e9s. Maria Benach i\u00a0Jonatan\u00a0Flor han estat els guanyadors en la categoria masculina i femenina en una competici\u00f3 que ha estat un aut\u00e8ntic show i que corona a\u00a0Climbat\u00a0com a empresa referent en l&#8217;organitzaci\u00f3 d&#8217;esdeveniments d&#8217;escalada al nostre pa\u00eds. El\u00a0CEM\u00a0d\u2019Escalada\u00a0Climbat\u00a0La\u00a0Foixarda, ha estat aquest 22 d&#8217;abril, l&#8217;escenari d&#8217;un doble esdeveniment, l&#8217;I\u00a0Open\u00a0Bloc\u00a0Ciutat\u00a0de Barcelona en qu\u00e8 m\u00e9s de 300 persones han pogut gaudir de 50 blocs per a tots els nivells i de la primera edici\u00f3 del\u00a0Climbat\u00a0Kombat\u00a0que ha tingut com a protagonistes a Maria Benach, Luc\u00eda Miranda, Andrea\u00a0Cartas,\u00a0Marieta\u00a0Cartr\u00f3, Aida Torres, Marta Palou, Teresa Troya, Francis\u00a0Guillen, Dani\u00a0Andrada,\u00a0Edu\u00a0Mar\u00edn, Carles Brasco, Pedro Pons,\u00a0Beto\u00a0Rocasolano,\u00a0Citro, Gerard Rull i\u00a0Jonatan\u00a0Flor. Els esportistes han arribat al centre disposats a gaudir d&#8217;una competici\u00f3 sense precedents, amb un format nou d&#8217;encreuaments directes, amb vies sortejades a cara o creu jugant-s&#8217;ho tot a un intent en una modalitat que ha combinat a la perfecci\u00f3 l&#8217;atractiu de l&#8217;escalada de dificultat i l&#8217;espectacularitat de la velocitat. Marc&nbsp;Carpinell&nbsp;i&nbsp;Felix&nbsp;Obrador,&nbsp;equipadores&nbsp;de l&#8217;esdeveniment, han aconseguit elaborar vies atractives per als i les escaladores que han hagut de donar el millor de si, realitzant moviments d&#8217;alta complexitat a gran velocitat per a arribar pel cap alt alt de la via....\" \/>\n<meta property=\"og:url\" content=\"https:\/\/climbat.com\/ca\/exit-en-la-1a-edicio-del-i-open-bloc-ciutat-de-bcn-i-el-climbat-kombat\/\" \/>\n<meta property=\"og:site_name\" content=\"Inicio - Climbat | Climbing gyms\" \/>\n<meta property=\"article:published_time\" content=\"2023-04-27T09:51:06+00:00\" \/>\n<meta property=\"article:modified_time\" content=\"2023-04-27T09:51:11+00:00\" \/>\n<meta property=\"og:image\" content=\"https:\/\/climbat.com\/wp-content\/uploads\/2023\/04\/343007982_603842091798128_1522778506978167298_n-1024x683.jpg\" \/>\n\t<meta property=\"og:image:width\" content=\"1024\" \/>\n\t<meta property=\"og:image:height\" content=\"683\" \/>\n\t<meta property=\"og:image:type\" content=\"image\/jpeg\" \/>\n<meta name=\"author\" content=\"marketing\" \/>\n<meta name=\"twitter:card\" content=\"summary_large_image\" \/>\n<meta name=\"twitter:label1\" content=\"Written by\" \/>\n\t<meta name=\"twitter:data1\" content=\"marketing\" \/>\n\t<meta name=\"twitter:label2\" content=\"Est. reading time\" \/>\n\t<meta name=\"twitter:data2\" content=\"5 minutes\" \/>\n<script type=\"application\/ld+json\" class=\"yoast-schema-graph\">{\"@context\":\"https:\/\/schema.org\",\"@graph\":[{\"@type\":\"WebPage\",\"@id\":\"https:\/\/climbat.com\/ca\/exit-en-la-1a-edicio-del-i-open-bloc-ciutat-de-bcn-i-el-climbat-kombat\/\",\"url\":\"https:\/\/climbat.com\/ca\/exit-en-la-1a-edicio-del-i-open-bloc-ciutat-de-bcn-i-el-climbat-kombat\/\",\"name\":\"\u00c8XIT EN LA 1a EDICI\u00d3 DEl I\u00a0OPEN\u00a0BLOC\u00a0CIUTAT\u00a0DE BCN I EL\u00a0CLIMBAT\u00a0KOMBAT - Inicio - Climbat | Climbing gyms\",\"isPartOf\":{\"@id\":\"https:\/\/climbat.com\/#website\"},\"primaryImageOfPage\":{\"@id\":\"https:\/\/climbat.com\/ca\/exit-en-la-1a-edicio-del-i-open-bloc-ciutat-de-bcn-i-el-climbat-kombat\/#primaryimage\"},\"image\":{\"@id\":\"https:\/\/climbat.com\/ca\/exit-en-la-1a-edicio-del-i-open-bloc-ciutat-de-bcn-i-el-climbat-kombat\/#primaryimage\"},\"thumbnailUrl\":\"https:\/\/climbat.com\/wp-content\/uploads\/2023\/04\/343007982_603842091798128_1522778506978167298_n.jpg\",\"datePublished\":\"2023-04-27T09:51:06+00:00\",\"dateModified\":\"2023-04-27T09:51:11+00:00\",\"author\":{\"@id\":\"https:\/\/climbat.com\/#\/schema\/person\/c92ebe03b79afd91a71f7143c472e6be\"},\"breadcrumb\":{\"@id\":\"https:\/\/climbat.com\/ca\/exit-en-la-1a-edicio-del-i-open-bloc-ciutat-de-bcn-i-el-climbat-kombat\/#breadcrumb\"},\"inLanguage\":\"cat\",\"potentialAction\":[{\"@type\":\"ReadAction\",\"target\":[\"https:\/\/climbat.com\/ca\/exit-en-la-1a-edicio-del-i-open-bloc-ciutat-de-bcn-i-el-climbat-kombat\/\"]}]},{\"@type\":\"ImageObject\",\"inLanguage\":\"cat\",\"@id\":\"https:\/\/climbat.com\/ca\/exit-en-la-1a-edicio-del-i-open-bloc-ciutat-de-bcn-i-el-climbat-kombat\/#primaryimage\",\"url\":\"https:\/\/climbat.com\/wp-content\/uploads\/2023\/04\/343007982_603842091798128_1522778506978167298_n.jpg\",\"contentUrl\":\"https:\/\/climbat.com\/wp-content\/uploads\/2023\/04\/343007982_603842091798128_1522778506978167298_n.jpg\",\"width\":1920,\"height\":1281},{\"@type\":\"BreadcrumbList\",\"@id\":\"https:\/\/climbat.com\/ca\/exit-en-la-1a-edicio-del-i-open-bloc-ciutat-de-bcn-i-el-climbat-kombat\/#breadcrumb\",\"itemListElement\":[{\"@type\":\"ListItem\",\"position\":1,\"name\":\"Portada\",\"item\":\"https:\/\/climbat.com\/ca\/\"},{\"@type\":\"ListItem\",\"position\":2,\"name\":\"\u00c8XIT EN LA 1a EDICI\u00d3 DEl I\u00a0OPEN\u00a0BLOC\u00a0CIUTAT\u00a0DE BCN I EL\u00a0CLIMBAT\u00a0KOMBAT\"}]},{\"@type\":\"WebSite\",\"@id\":\"https:\/\/climbat.com\/#website\",\"url\":\"https:\/\/climbat.com\/\",\"name\":\"Inicio - Climbat | Climbing gyms\",\"description\":\"Climbat es referente en el mundo de la escalada como operador de salas de escalada orientados a p\u00fablicos de todos los niveles\",\"potentialAction\":[{\"@type\":\"SearchAction\",\"target\":{\"@type\":\"EntryPoint\",\"urlTemplate\":\"https:\/\/climbat.com\/?s={search_term_string}\"},\"query-input\":\"required name=search_term_string\"}],\"inLanguage\":\"cat\"},{\"@type\":\"Person\",\"@id\":\"https:\/\/climbat.com\/#\/schema\/person\/c92ebe03b79afd91a71f7143c472e6be\",\"name\":\"marketing\",\"image\":{\"@type\":\"ImageObject\",\"inLanguage\":\"cat\",\"@id\":\"https:\/\/climbat.com\/#\/schema\/person\/image\/\",\"url\":\"https:\/\/secure.gravatar.com\/avatar\/6ef666864d6abb8bbb14b2f46feb4be3?s=96&d=mm&r=g\",\"contentUrl\":\"https:\/\/secure.gravatar.com\/avatar\/6ef666864d6abb8bbb14b2f46feb4be3?s=96&d=mm&r=g\",\"caption\":\"marketing\"}}]}<\/script>\n<!-- \/ Yoast SEO plugin. -->","yoast_head_json":{"title":"\u00c8XIT EN LA 1a EDICI\u00d3 DEl I\u00a0OPEN\u00a0BLOC\u00a0CIUTAT\u00a0DE BCN I EL\u00a0CLIMBAT\u00a0KOMBAT - Inicio - Climbat | Climbing gyms","robots":{"index":"index","follow":"follow","max-snippet":"max-snippet:-1","max-image-preview":"max-image-preview:large","max-video-preview":"max-video-preview:-1"},"canonical":"https:\/\/climbat.com\/ca\/exit-en-la-1a-edicio-del-i-open-bloc-ciutat-de-bcn-i-el-climbat-kombat\/","og_locale":"en_US","og_type":"article","og_title":"\u00c8XIT EN LA 1a EDICI\u00d3 DEl I\u00a0OPEN\u00a0BLOC\u00a0CIUTAT\u00a0DE BCN I EL\u00a0CLIMBAT\u00a0KOMBAT - Inicio - Climbat | Climbing gyms","og_description":"Climbat\u00a0signatura una espectacular primera edici\u00f3 del\u00a0Climbat\u00a0Kombat\u00a0i confirma que aquest esdeveniment ha arribat per a qued\u00e9s. Maria Benach i\u00a0Jonatan\u00a0Flor han estat els guanyadors en la categoria masculina i femenina en una competici\u00f3 que ha estat un aut\u00e8ntic show i que corona a\u00a0Climbat\u00a0com a empresa referent en l&#8217;organitzaci\u00f3 d&#8217;esdeveniments d&#8217;escalada al nostre pa\u00eds. El\u00a0CEM\u00a0d\u2019Escalada\u00a0Climbat\u00a0La\u00a0Foixarda, ha estat aquest 22 d&#8217;abril, l&#8217;escenari d&#8217;un doble esdeveniment, l&#8217;I\u00a0Open\u00a0Bloc\u00a0Ciutat\u00a0de Barcelona en qu\u00e8 m\u00e9s de 300 persones han pogut gaudir de 50 blocs per a tots els nivells i de la primera edici\u00f3 del\u00a0Climbat\u00a0Kombat\u00a0que ha tingut com a protagonistes a Maria Benach, Luc\u00eda Miranda, Andrea\u00a0Cartas,\u00a0Marieta\u00a0Cartr\u00f3, Aida Torres, Marta Palou, Teresa Troya, Francis\u00a0Guillen, Dani\u00a0Andrada,\u00a0Edu\u00a0Mar\u00edn, Carles Brasco, Pedro Pons,\u00a0Beto\u00a0Rocasolano,\u00a0Citro, Gerard Rull i\u00a0Jonatan\u00a0Flor. Els esportistes han arribat al centre disposats a gaudir d&#8217;una competici\u00f3 sense precedents, amb un format nou d&#8217;encreuaments directes, amb vies sortejades a cara o creu jugant-s&#8217;ho tot a un intent en una modalitat que ha combinat a la perfecci\u00f3 l&#8217;atractiu de l&#8217;escalada de dificultat i l&#8217;espectacularitat de la velocitat. Marc&nbsp;Carpinell&nbsp;i&nbsp;Felix&nbsp;Obrador,&nbsp;equipadores&nbsp;de l&#8217;esdeveniment, han aconseguit elaborar vies atractives per als i les escaladores que han hagut de donar el millor de si, realitzant moviments d&#8217;alta complexitat a gran velocitat per a arribar pel cap alt alt de la via....","og_url":"https:\/\/climbat.com\/ca\/exit-en-la-1a-edicio-del-i-open-bloc-ciutat-de-bcn-i-el-climbat-kombat\/","og_site_name":"Inicio - Climbat | Climbing gyms","article_published_time":"2023-04-27T09:51:06+00:00","article_modified_time":"2023-04-27T09:51:11+00:00","og_image":[{"width":1024,"height":683,"url":"https:\/\/climbat.com\/wp-content\/uploads\/2023\/04\/343007982_603842091798128_1522778506978167298_n-1024x683.jpg","type":"image\/jpeg"}],"author":"marketing","twitter_card":"summary_large_image","twitter_misc":{"Written by":"marketing","Est. reading time":"5 minutes"},"schema":{"@context":"https:\/\/schema.org","@graph":[{"@type":"WebPage","@id":"https:\/\/climbat.com\/ca\/exit-en-la-1a-edicio-del-i-open-bloc-ciutat-de-bcn-i-el-climbat-kombat\/","url":"https:\/\/climbat.com\/ca\/exit-en-la-1a-edicio-del-i-open-bloc-ciutat-de-bcn-i-el-climbat-kombat\/","name":"\u00c8XIT EN LA 1a EDICI\u00d3 DEl I\u00a0OPEN\u00a0BLOC\u00a0CIUTAT\u00a0DE BCN I EL\u00a0CLIMBAT\u00a0KOMBAT - Inicio - Climbat | Climbing gyms","isPartOf":{"@id":"https:\/\/climbat.com\/#website"},"primaryImageOfPage":{"@id":"https:\/\/climbat.com\/ca\/exit-en-la-1a-edicio-del-i-open-bloc-ciutat-de-bcn-i-el-climbat-kombat\/#primaryimage"},"image":{"@id":"https:\/\/climbat.com\/ca\/exit-en-la-1a-edicio-del-i-open-bloc-ciutat-de-bcn-i-el-climbat-kombat\/#primaryimage"},"thumbnailUrl":"https:\/\/climbat.com\/wp-content\/uploads\/2023\/04\/343007982_603842091798128_1522778506978167298_n.jpg","datePublished":"2023-04-27T09:51:06+00:00","dateModified":"2023-04-27T09:51:11+00:00","author":{"@id":"https:\/\/climbat.com\/#\/schema\/person\/c92ebe03b79afd91a71f7143c472e6be"},"breadcrumb":{"@id":"https:\/\/climbat.com\/ca\/exit-en-la-1a-edicio-del-i-open-bloc-ciutat-de-bcn-i-el-climbat-kombat\/#breadcrumb"},"inLanguage":"cat","potentialAction":[{"@type":"ReadAction","target":["https:\/\/climbat.com\/ca\/exit-en-la-1a-edicio-del-i-open-bloc-ciutat-de-bcn-i-el-climbat-kombat\/"]}]},{"@type":"ImageObject","inLanguage":"cat","@id":"https:\/\/climbat.com\/ca\/exit-en-la-1a-edicio-del-i-open-bloc-ciutat-de-bcn-i-el-climbat-kombat\/#primaryimage","url":"https:\/\/climbat.com\/wp-content\/uploads\/2023\/04\/343007982_603842091798128_1522778506978167298_n.jpg","contentUrl":"https:\/\/climbat.com\/wp-content\/uploads\/2023\/04\/343007982_603842091798128_1522778506978167298_n.jpg","width":1920,"height":1281},{"@type":"BreadcrumbList","@id":"https:\/\/climbat.com\/ca\/exit-en-la-1a-edicio-del-i-open-bloc-ciutat-de-bcn-i-el-climbat-kombat\/#breadcrumb","itemListElement":[{"@type":"ListItem","position":1,"name":"Portada","item":"https:\/\/climbat.com\/ca\/"},{"@type":"ListItem","position":2,"name":"\u00c8XIT EN LA 1a EDICI\u00d3 DEl I\u00a0OPEN\u00a0BLOC\u00a0CIUTAT\u00a0DE BCN I EL\u00a0CLIMBAT\u00a0KOMBAT"}]},{"@type":"WebSite","@id":"https:\/\/climbat.com\/#website","url":"https:\/\/climbat.com\/","name":"Inicio - Climbat | Climbing gyms","description":"Climbat es referente en el mundo de la escalada como operador de salas de escalada orientados a p\u00fablicos de todos los niveles","potentialAction":[{"@type":"SearchAction","target":{"@type":"EntryPoint","urlTemplate":"https:\/\/climbat.com\/?s={search_term_string}"},"query-input":"required name=search_term_string"}],"inLanguage":"cat"},{"@type":"Person","@id":"https:\/\/climbat.com\/#\/schema\/person\/c92ebe03b79afd91a71f7143c472e6be","name":"marketing","image":{"@type":"ImageObject","inLanguage":"cat","@id":"https:\/\/climbat.com\/#\/schema\/person\/image\/","url":"https:\/\/secure.gravatar.com\/avatar\/6ef666864d6abb8bbb14b2f46feb4be3?s=96&d=mm&r=g","contentUrl":"https:\/\/secure.gravatar.com\/avatar\/6ef666864d6abb8bbb14b2f46feb4be3?s=96&d=mm&r=g","caption":"marketing"}}]}},"_links":{"self":[{"href":"https:\/\/climbat.com\/ca\/wp-json\/wp\/v2\/posts\/35316"}],"collection":[{"href":"https:\/\/climbat.com\/ca\/wp-json\/wp\/v2\/posts"}],"about":[{"href":"https:\/\/climbat.com\/ca\/wp-json\/wp\/v2\/types\/post"}],"author":[{"embeddable":true,"href":"https:\/\/climbat.com\/ca\/wp-json\/wp\/v2\/users\/3"}],"replies":[{"embeddable":true,"href":"https:\/\/climbat.com\/ca\/wp-json\/wp\/v2\/comments?post=35316"}],"version-history":[{"count":0,"href":"https:\/\/climbat.com\/ca\/wp-json\/wp\/v2\/posts\/35316\/revisions"}],"wp:featuredmedia":[{"embeddable":true,"href":"https:\/\/climbat.com\/ca\/wp-json\/wp\/v2\/media\/35317"}],"wp:attachment":[{"href":"https:\/\/climbat.com\/ca\/wp-json\/wp\/v2\/media?parent=35316"}],"wp:term":[{"taxonomy":"category","embeddable":true,"href":"https:\/\/climbat.com\/ca\/wp-json\/wp\/v2\/categories?post=35316"},{"taxonomy":"post_tag","embeddable":true,"href":"https:\/\/climbat.com\/ca\/wp-json\/wp\/v2\/tags?post=35316"},{"taxonomy":"categoria_centro","embeddable":true,"href":"https:\/\/climbat.com\/ca\/wp-json\/wp\/v2\/categoria_centro?post=35316"}],"curies":[{"name":"wp","href":"https:\/\/api.w.org\/{rel}","templated":true}]}}