{"id":34582,"date":"2023-03-28T15:37:17","date_gmt":"2023-03-28T15:37:17","guid":{"rendered":"https:\/\/climbat.com\/?p=34582"},"modified":"2023-03-28T15:37:22","modified_gmt":"2023-03-28T15:37:22","slug":"mes-de-450-participants-a-la-segona-jornada-de-la-lliga-infantil-climbat","status":"publish","type":"post","link":"https:\/\/climbat.com\/ca\/mes-de-450-participants-a-la-segona-jornada-de-la-lliga-infantil-climbat\/","title":{"rendered":"M\u00c9S DE 450 PARTICIPANTS A LA SEGONA JORNADA DE LA LLIGA INFANTIL CLIMBAT"},"content":{"rendered":"\n<ul>\n<li>Climbat&nbsp;Centers&nbsp;va viure diumenge passat 26 de mar\u00e7 la segona jornada de la Lliga Infantil&nbsp;Climbat&nbsp;als centres&nbsp;CEM&nbsp;d\u2019Escalada&nbsp;Climbat&nbsp;La&nbsp;Foixarda,&nbsp;Climbat&nbsp;<br>X-Madrid,&nbsp;Climbat&nbsp;Zaragoza La Torre Outlet, Climbat Avil\u00e9s ParqueAstur i Climbat Barakaldo Megapark.<\/li>\n<\/ul>\n\n\n\n<p>M\u00e9s de 450 nens, nenes i joves nascuts entre 2005 i 2017, dividits en les categories benjam\u00ed, alev\u00ed, infantil i juvenil van gaudir d&#8217;una jornada \u00fanica las cinc centres Climbat en cls quals els valors de l&#8217;escalada i l&#8217;esport van ser els protagonistes.<\/p>\n\n\n\n<p>Els i les participants van tindre l&#8217;oportunitat de posar-se a prova superant tots els reptes (blocs i vies autoassegurades) que els&nbsp;equipadors&nbsp;Climbat&nbsp;els hi van proposar, retant-se en les parets de&nbsp;Climbat&nbsp;i demostrant que l&#8217;escalada \u00e9s l&#8217;esport triat, cada vegada m\u00e9s, pels i les m\u00e9s joves. Es va poder veure un gran nivell entre els i les participants que van encadenar els blocs i vies amb gran destresa i esfor\u00e7.&nbsp;<\/p>\n\n\n\n<p>Climbat, ha fet de la Lliga Infantil Climbat un esdeveniment \u00fanic i referent en el panorama de les competicions d&#8217;escalada nacionals, diferenciant-se gr\u00e0cies a un enfocament que la competici\u00f3 no \u00e9s l&#8217;objectiu principal, sin\u00f3 la superaci\u00f3 personal, l&#8217;esfor\u00e7 i el FairPlay que permet als i les joves acostar-se al format competitiu en un esdeveniment de no rendiment que permet cr\u00e9ixer l&#8217;escalada per a tots els nivells.&nbsp;<\/p>\n\n\n\n<p>L&#8217;esdeveniment va ser possible gr\u00e0cies a la col\u00b7laboraci\u00f3 dels productes oficials Climbat, de les marques +8000, Ocun, Petzl, Singing Rock, Climbskin, Edelrid i Boreal i tamb\u00e9 amb el suport de manera local de Mountain Shop V\u00e8rtic, X-Madrid, La Torre Outlet, ParqueAstur i Fashion Outlet que trien l&#8217;escalada i els esdeveniments Climbat com a acci\u00f3 en la qual fomentar valors i h\u00e0bits saludables entre els m\u00e9s joves.\u00a0<\/p>\n\n\n\n<p class=\"has-normal-font-size\"><strong>Classificacions 2\u00aa Jornada Lliga Infantil Climbat<\/strong><\/p>\n\n\n\n<ul>\n<li><a href=\"https:\/\/climbat.com\/wp-content\/uploads\/2023\/03\/CLASIFICACIONES-2A-JORNADA-BARCELONA.pdf\" target=\"_blank\" rel=\"noreferrer noopener\">CEM d&#8217;Escalada Climbat La Foixarda<\/a><\/li>\n\n\n\n<li><a href=\"https:\/\/climbat.com\/wp-content\/uploads\/2023\/03\/CLASIFICACIONES-2A-JORNADA-MADRID.pdf\">Climbat X-Madrid<\/a><\/li>\n\n\n\n<li><a href=\"https:\/\/climbat.com\/wp-content\/uploads\/2023\/03\/CLASIFICACIONES-2A-JORNADA-ZARAGOZA.pdf\" target=\"_blank\" rel=\"noreferrer noopener\">Climbat Zaragoza La Torre Outlet<\/a><\/li>\n\n\n\n<li><a href=\"https:\/\/climbat.com\/wp-content\/uploads\/2023\/03\/CLASIFICACIONES-2A-JORNADA-AVILES.pdf\">Climbat Avil\u00e9s Parqueastur<\/a><\/li>\n\n\n\n<li><a href=\"https:\/\/climbat.com\/wp-content\/uploads\/2023\/03\/CLASIFICACIONES-2A-JORNADA-BARAKALDO.pdf\" target=\"_blank\" rel=\"noreferrer noopener\">Climbat Barakaldo Megapark<\/a><\/li>\n<\/ul>\n\n\n\n<p class=\"has-normal-font-size\"><strong>Pr\u00f2xima jornada de la Lliga Infantil Climbat<\/strong><\/p>\n\n\n\n<ul>\n<li><strong>Jornada 3:<\/strong> 11 de Juny 2023<\/li>\n\n\n\n<li><strong>Centres:<\/strong> CEM d\u2019Escalada Climbat La Foixarda, Climbat X-Madrid, Climbat Zaragoza La Torre Outlet, Climbat Avil\u00e9s ParqueAstur i Climbat Barakaldo Megapark<\/li>\n\n\n\n<li><a href=\"https:\/\/eventos.climbat.com\/inscripcion\/3a-jornada-liga-infantil-climbat-avl-bcn-mad-zgz-11-de-junio\/inscripcion_datos\/?lang=es\">Inscripcions J3 Lliga Infantil Climbat<\/a><\/li>\n<\/ul>\n\n\n\n<p>No et perdis la 3a jornada de la Lliga Infantil&nbsp;Climbat!&nbsp;Uneix-te al moviment&nbsp;Climbat!<\/p>\n","protected":false},"excerpt":{"rendered":"<p>M\u00e9s de 450 nens, nenes i joves nascuts entre 2005 i 2017, dividits en les categories benjam\u00ed, alev\u00ed, infantil i juvenil van gaudir d&#8217;una jornada \u00fanica las cinc centres Climbat en cls quals els valors de l&#8217;escalada i l&#8217;esport van ser els protagonistes. Els i les participants van tindre l&#8217;oportunitat de posar-se a prova superant tots els reptes (blocs i vies autoassegurades) que els&nbsp;equipadors&nbsp;Climbat&nbsp;els hi van proposar, retant-se en les parets de&nbsp;Climbat&nbsp;i demostrant que l&#8217;escalada \u00e9s l&#8217;esport triat, cada vegada m\u00e9s, pels i les m\u00e9s joves. Es va poder veure un gran nivell entre els i les participants que van encadenar els blocs i vies amb gran destresa i esfor\u00e7.&nbsp; Climbat, ha fet de la Lliga Infantil Climbat un esdeveniment \u00fanic i referent en el panorama de les competicions d&#8217;escalada nacionals, diferenciant-se gr\u00e0cies a un enfocament que la competici\u00f3 no \u00e9s l&#8217;objectiu principal, sin\u00f3 la superaci\u00f3 personal, l&#8217;esfor\u00e7 i el FairPlay que permet als i les joves acostar-se al format competitiu en un esdeveniment de no rendiment que permet cr\u00e9ixer l&#8217;escalada per a tots els nivells.&nbsp; L&#8217;esdeveniment va ser possible gr\u00e0cies a la col\u00b7laboraci\u00f3 dels productes oficials Climbat, de les marques +8000, Ocun, Petzl, Singing Rock, Climbskin, Edelrid i Boreal&#8230;<\/p>\n","protected":false},"author":3,"featured_media":34583,"comment_status":"closed","ping_status":"open","sticky":false,"template":"","format":"standard","meta":{"footnotes":""},"categories":[128],"tags":[],"categoria_centro":[101],"acf":[],"yoast_head":"<!-- This site is optimized with the Yoast SEO plugin v22.5 - https:\/\/yoast.com\/wordpress\/plugins\/seo\/ -->\n<title>M\u00c9S DE 450 PARTICIPANTS A LA SEGONA JORNADA DE LA LLIGA INFANTIL CLIMBAT - Inicio - Climbat | Climbing gyms<\/title>\n<meta name=\"robots\" content=\"index, follow, max-snippet:-1, max-image-preview:large, max-video-preview:-1\" \/>\n<link rel=\"canonical\" href=\"https:\/\/climbat.com\/ca\/mes-de-450-participants-a-la-segona-jornada-de-la-lliga-infantil-climbat\/\" \/>\n<meta property=\"og:locale\" content=\"en_US\" \/>\n<meta property=\"og:type\" content=\"article\" \/>\n<meta property=\"og:title\" content=\"M\u00c9S DE 450 PARTICIPANTS A LA SEGONA JORNADA DE LA LLIGA INFANTIL CLIMBAT - Inicio - Climbat | Climbing gyms\" \/>\n<meta property=\"og:description\" content=\"M\u00e9s de 450 nens, nenes i joves nascuts entre 2005 i 2017, dividits en les categories benjam\u00ed, alev\u00ed, infantil i juvenil van gaudir d&#8217;una jornada \u00fanica las cinc centres Climbat en cls quals els valors de l&#8217;escalada i l&#8217;esport van ser els protagonistes. Els i les participants van tindre l&#8217;oportunitat de posar-se a prova superant tots els reptes (blocs i vies autoassegurades) que els&nbsp;equipadors&nbsp;Climbat&nbsp;els hi van proposar, retant-se en les parets de&nbsp;Climbat&nbsp;i demostrant que l&#8217;escalada \u00e9s l&#8217;esport triat, cada vegada m\u00e9s, pels i les m\u00e9s joves. Es va poder veure un gran nivell entre els i les participants que van encadenar els blocs i vies amb gran destresa i esfor\u00e7.&nbsp; Climbat, ha fet de la Lliga Infantil Climbat un esdeveniment \u00fanic i referent en el panorama de les competicions d&#8217;escalada nacionals, diferenciant-se gr\u00e0cies a un enfocament que la competici\u00f3 no \u00e9s l&#8217;objectiu principal, sin\u00f3 la superaci\u00f3 personal, l&#8217;esfor\u00e7 i el FairPlay que permet als i les joves acostar-se al format competitiu en un esdeveniment de no rendiment que permet cr\u00e9ixer l&#8217;escalada per a tots els nivells.&nbsp; L&#8217;esdeveniment va ser possible gr\u00e0cies a la col\u00b7laboraci\u00f3 dels productes oficials Climbat, de les marques +8000, Ocun, Petzl, Singing Rock, Climbskin, Edelrid i Boreal...\" \/>\n<meta property=\"og:url\" content=\"https:\/\/climbat.com\/ca\/mes-de-450-participants-a-la-segona-jornada-de-la-lliga-infantil-climbat\/\" \/>\n<meta property=\"og:site_name\" content=\"Inicio - Climbat | Climbing gyms\" \/>\n<meta property=\"article:published_time\" content=\"2023-03-28T15:37:17+00:00\" \/>\n<meta property=\"article:modified_time\" content=\"2023-03-28T15:37:22+00:00\" \/>\n<meta property=\"og:image\" content=\"https:\/\/climbat.com\/wp-content\/uploads\/2023\/03\/LIGA-INF-J2-MAD-1-scaled.jpg\" \/>\n\t<meta property=\"og:image:width\" content=\"2560\" \/>\n\t<meta property=\"og:image:height\" content=\"1707\" \/>\n\t<meta property=\"og:image:type\" content=\"image\/jpeg\" \/>\n<meta name=\"author\" content=\"marketing\" \/>\n<meta name=\"twitter:card\" content=\"summary_large_image\" \/>\n<meta name=\"twitter:label1\" content=\"Written by\" \/>\n\t<meta name=\"twitter:data1\" content=\"marketing\" \/>\n\t<meta name=\"twitter:label2\" content=\"Est. reading time\" \/>\n\t<meta name=\"twitter:data2\" content=\"2 minutes\" \/>\n<script type=\"application\/ld+json\" class=\"yoast-schema-graph\">{\"@context\":\"https:\/\/schema.org\",\"@graph\":[{\"@type\":\"WebPage\",\"@id\":\"https:\/\/climbat.com\/ca\/mes-de-450-participants-a-la-segona-jornada-de-la-lliga-infantil-climbat\/\",\"url\":\"https:\/\/climbat.com\/ca\/mes-de-450-participants-a-la-segona-jornada-de-la-lliga-infantil-climbat\/\",\"name\":\"M\u00c9S DE 450 PARTICIPANTS A LA SEGONA JORNADA DE LA LLIGA INFANTIL CLIMBAT - Inicio - Climbat | Climbing gyms\",\"isPartOf\":{\"@id\":\"https:\/\/climbat.com\/#website\"},\"primaryImageOfPage\":{\"@id\":\"https:\/\/climbat.com\/ca\/mes-de-450-participants-a-la-segona-jornada-de-la-lliga-infantil-climbat\/#primaryimage\"},\"image\":{\"@id\":\"https:\/\/climbat.com\/ca\/mes-de-450-participants-a-la-segona-jornada-de-la-lliga-infantil-climbat\/#primaryimage\"},\"thumbnailUrl\":\"https:\/\/climbat.com\/wp-content\/uploads\/2023\/03\/LIGA-INF-J2-MAD-1-scaled.jpg\",\"datePublished\":\"2023-03-28T15:37:17+00:00\",\"dateModified\":\"2023-03-28T15:37:22+00:00\",\"author\":{\"@id\":\"https:\/\/climbat.com\/#\/schema\/person\/c92ebe03b79afd91a71f7143c472e6be\"},\"breadcrumb\":{\"@id\":\"https:\/\/climbat.com\/ca\/mes-de-450-participants-a-la-segona-jornada-de-la-lliga-infantil-climbat\/#breadcrumb\"},\"inLanguage\":\"cat\",\"potentialAction\":[{\"@type\":\"ReadAction\",\"target\":[\"https:\/\/climbat.com\/ca\/mes-de-450-participants-a-la-segona-jornada-de-la-lliga-infantil-climbat\/\"]}]},{\"@type\":\"ImageObject\",\"inLanguage\":\"cat\",\"@id\":\"https:\/\/climbat.com\/ca\/mes-de-450-participants-a-la-segona-jornada-de-la-lliga-infantil-climbat\/#primaryimage\",\"url\":\"https:\/\/climbat.com\/wp-content\/uploads\/2023\/03\/LIGA-INF-J2-MAD-1-scaled.jpg\",\"contentUrl\":\"https:\/\/climbat.com\/wp-content\/uploads\/2023\/03\/LIGA-INF-J2-MAD-1-scaled.jpg\",\"width\":2560,\"height\":1707},{\"@type\":\"BreadcrumbList\",\"@id\":\"https:\/\/climbat.com\/ca\/mes-de-450-participants-a-la-segona-jornada-de-la-lliga-infantil-climbat\/#breadcrumb\",\"itemListElement\":[{\"@type\":\"ListItem\",\"position\":1,\"name\":\"Portada\",\"item\":\"https:\/\/climbat.com\/ca\/\"},{\"@type\":\"ListItem\",\"position\":2,\"name\":\"M\u00c9S DE 450 PARTICIPANTS A LA SEGONA JORNADA DE LA LLIGA INFANTIL CLIMBAT\"}]},{\"@type\":\"WebSite\",\"@id\":\"https:\/\/climbat.com\/#website\",\"url\":\"https:\/\/climbat.com\/\",\"name\":\"Inicio - Climbat | Climbing gyms\",\"description\":\"Climbat es referente en el mundo de la escalada como operador de salas de escalada orientados a p\u00fablicos de todos los niveles\",\"potentialAction\":[{\"@type\":\"SearchAction\",\"target\":{\"@type\":\"EntryPoint\",\"urlTemplate\":\"https:\/\/climbat.com\/?s={search_term_string}\"},\"query-input\":\"required name=search_term_string\"}],\"inLanguage\":\"cat\"},{\"@type\":\"Person\",\"@id\":\"https:\/\/climbat.com\/#\/schema\/person\/c92ebe03b79afd91a71f7143c472e6be\",\"name\":\"marketing\",\"image\":{\"@type\":\"ImageObject\",\"inLanguage\":\"cat\",\"@id\":\"https:\/\/climbat.com\/#\/schema\/person\/image\/\",\"url\":\"https:\/\/secure.gravatar.com\/avatar\/6ef666864d6abb8bbb14b2f46feb4be3?s=96&d=mm&r=g\",\"contentUrl\":\"https:\/\/secure.gravatar.com\/avatar\/6ef666864d6abb8bbb14b2f46feb4be3?s=96&d=mm&r=g\",\"caption\":\"marketing\"}}]}<\/script>\n<!-- \/ Yoast SEO plugin. -->","yoast_head_json":{"title":"M\u00c9S DE 450 PARTICIPANTS A LA SEGONA JORNADA DE LA LLIGA INFANTIL CLIMBAT - Inicio - Climbat | Climbing gyms","robots":{"index":"index","follow":"follow","max-snippet":"max-snippet:-1","max-image-preview":"max-image-preview:large","max-video-preview":"max-video-preview:-1"},"canonical":"https:\/\/climbat.com\/ca\/mes-de-450-participants-a-la-segona-jornada-de-la-lliga-infantil-climbat\/","og_locale":"en_US","og_type":"article","og_title":"M\u00c9S DE 450 PARTICIPANTS A LA SEGONA JORNADA DE LA LLIGA INFANTIL CLIMBAT - Inicio - Climbat | Climbing gyms","og_description":"M\u00e9s de 450 nens, nenes i joves nascuts entre 2005 i 2017, dividits en les categories benjam\u00ed, alev\u00ed, infantil i juvenil van gaudir d&#8217;una jornada \u00fanica las cinc centres Climbat en cls quals els valors de l&#8217;escalada i l&#8217;esport van ser els protagonistes. Els i les participants van tindre l&#8217;oportunitat de posar-se a prova superant tots els reptes (blocs i vies autoassegurades) que els&nbsp;equipadors&nbsp;Climbat&nbsp;els hi van proposar, retant-se en les parets de&nbsp;Climbat&nbsp;i demostrant que l&#8217;escalada \u00e9s l&#8217;esport triat, cada vegada m\u00e9s, pels i les m\u00e9s joves. Es va poder veure un gran nivell entre els i les participants que van encadenar els blocs i vies amb gran destresa i esfor\u00e7.&nbsp; Climbat, ha fet de la Lliga Infantil Climbat un esdeveniment \u00fanic i referent en el panorama de les competicions d&#8217;escalada nacionals, diferenciant-se gr\u00e0cies a un enfocament que la competici\u00f3 no \u00e9s l&#8217;objectiu principal, sin\u00f3 la superaci\u00f3 personal, l&#8217;esfor\u00e7 i el FairPlay que permet als i les joves acostar-se al format competitiu en un esdeveniment de no rendiment que permet cr\u00e9ixer l&#8217;escalada per a tots els nivells.&nbsp; L&#8217;esdeveniment va ser possible gr\u00e0cies a la col\u00b7laboraci\u00f3 dels productes oficials Climbat, de les marques +8000, Ocun, Petzl, Singing Rock, Climbskin, Edelrid i Boreal...","og_url":"https:\/\/climbat.com\/ca\/mes-de-450-participants-a-la-segona-jornada-de-la-lliga-infantil-climbat\/","og_site_name":"Inicio - Climbat | Climbing gyms","article_published_time":"2023-03-28T15:37:17+00:00","article_modified_time":"2023-03-28T15:37:22+00:00","og_image":[{"width":2560,"height":1707,"url":"https:\/\/climbat.com\/wp-content\/uploads\/2023\/03\/LIGA-INF-J2-MAD-1-scaled.jpg","type":"image\/jpeg"}],"author":"marketing","twitter_card":"summary_large_image","twitter_misc":{"Written by":"marketing","Est. reading time":"2 minutes"},"schema":{"@context":"https:\/\/schema.org","@graph":[{"@type":"WebPage","@id":"https:\/\/climbat.com\/ca\/mes-de-450-participants-a-la-segona-jornada-de-la-lliga-infantil-climbat\/","url":"https:\/\/climbat.com\/ca\/mes-de-450-participants-a-la-segona-jornada-de-la-lliga-infantil-climbat\/","name":"M\u00c9S DE 450 PARTICIPANTS A LA SEGONA JORNADA DE LA LLIGA INFANTIL CLIMBAT - Inicio - Climbat | Climbing gyms","isPartOf":{"@id":"https:\/\/climbat.com\/#website"},"primaryImageOfPage":{"@id":"https:\/\/climbat.com\/ca\/mes-de-450-participants-a-la-segona-jornada-de-la-lliga-infantil-climbat\/#primaryimage"},"image":{"@id":"https:\/\/climbat.com\/ca\/mes-de-450-participants-a-la-segona-jornada-de-la-lliga-infantil-climbat\/#primaryimage"},"thumbnailUrl":"https:\/\/climbat.com\/wp-content\/uploads\/2023\/03\/LIGA-INF-J2-MAD-1-scaled.jpg","datePublished":"2023-03-28T15:37:17+00:00","dateModified":"2023-03-28T15:37:22+00:00","author":{"@id":"https:\/\/climbat.com\/#\/schema\/person\/c92ebe03b79afd91a71f7143c472e6be"},"breadcrumb":{"@id":"https:\/\/climbat.com\/ca\/mes-de-450-participants-a-la-segona-jornada-de-la-lliga-infantil-climbat\/#breadcrumb"},"inLanguage":"cat","potentialAction":[{"@type":"ReadAction","target":["https:\/\/climbat.com\/ca\/mes-de-450-participants-a-la-segona-jornada-de-la-lliga-infantil-climbat\/"]}]},{"@type":"ImageObject","inLanguage":"cat","@id":"https:\/\/climbat.com\/ca\/mes-de-450-participants-a-la-segona-jornada-de-la-lliga-infantil-climbat\/#primaryimage","url":"https:\/\/climbat.com\/wp-content\/uploads\/2023\/03\/LIGA-INF-J2-MAD-1-scaled.jpg","contentUrl":"https:\/\/climbat.com\/wp-content\/uploads\/2023\/03\/LIGA-INF-J2-MAD-1-scaled.jpg","width":2560,"height":1707},{"@type":"BreadcrumbList","@id":"https:\/\/climbat.com\/ca\/mes-de-450-participants-a-la-segona-jornada-de-la-lliga-infantil-climbat\/#breadcrumb","itemListElement":[{"@type":"ListItem","position":1,"name":"Portada","item":"https:\/\/climbat.com\/ca\/"},{"@type":"ListItem","position":2,"name":"M\u00c9S DE 450 PARTICIPANTS A LA SEGONA JORNADA DE LA LLIGA INFANTIL CLIMBAT"}]},{"@type":"WebSite","@id":"https:\/\/climbat.com\/#website","url":"https:\/\/climbat.com\/","name":"Inicio - Climbat | Climbing gyms","description":"Climbat es referente en el mundo de la escalada como operador de salas de escalada orientados a p\u00fablicos de todos los niveles","potentialAction":[{"@type":"SearchAction","target":{"@type":"EntryPoint","urlTemplate":"https:\/\/climbat.com\/?s={search_term_string}"},"query-input":"required name=search_term_string"}],"inLanguage":"cat"},{"@type":"Person","@id":"https:\/\/climbat.com\/#\/schema\/person\/c92ebe03b79afd91a71f7143c472e6be","name":"marketing","image":{"@type":"ImageObject","inLanguage":"cat","@id":"https:\/\/climbat.com\/#\/schema\/person\/image\/","url":"https:\/\/secure.gravatar.com\/avatar\/6ef666864d6abb8bbb14b2f46feb4be3?s=96&d=mm&r=g","contentUrl":"https:\/\/secure.gravatar.com\/avatar\/6ef666864d6abb8bbb14b2f46feb4be3?s=96&d=mm&r=g","caption":"marketing"}}]}},"_links":{"self":[{"href":"https:\/\/climbat.com\/ca\/wp-json\/wp\/v2\/posts\/34582"}],"collection":[{"href":"https:\/\/climbat.com\/ca\/wp-json\/wp\/v2\/posts"}],"about":[{"href":"https:\/\/climbat.com\/ca\/wp-json\/wp\/v2\/types\/post"}],"author":[{"embeddable":true,"href":"https:\/\/climbat.com\/ca\/wp-json\/wp\/v2\/users\/3"}],"replies":[{"embeddable":true,"href":"https:\/\/climbat.com\/ca\/wp-json\/wp\/v2\/comments?post=34582"}],"version-history":[{"count":0,"href":"https:\/\/climbat.com\/ca\/wp-json\/wp\/v2\/posts\/34582\/revisions"}],"wp:featuredmedia":[{"embeddable":true,"href":"https:\/\/climbat.com\/ca\/wp-json\/wp\/v2\/media\/34583"}],"wp:attachment":[{"href":"https:\/\/climbat.com\/ca\/wp-json\/wp\/v2\/media?parent=34582"}],"wp:term":[{"taxonomy":"category","embeddable":true,"href":"https:\/\/climbat.com\/ca\/wp-json\/wp\/v2\/categories?post=34582"},{"taxonomy":"post_tag","embeddable":true,"href":"https:\/\/climbat.com\/ca\/wp-json\/wp\/v2\/tags?post=34582"},{"taxonomy":"categoria_centro","embeddable":true,"href":"https:\/\/climbat.com\/ca\/wp-json\/wp\/v2\/categoria_centro?post=34582"}],"curies":[{"name":"wp","href":"https:\/\/api.w.org\/{rel}","templated":true}]}}