{"id":32657,"date":"2023-01-31T12:30:59","date_gmt":"2023-01-31T12:30:59","guid":{"rendered":"https:\/\/climbat.com\/?p=32657"},"modified":"2023-01-31T13:36:06","modified_gmt":"2023-01-31T13:36:06","slug":"lliga-2023","status":"publish","type":"post","link":"https:\/\/climbat.com\/ca\/lliga-2023\/","title":{"rendered":"LLIGA 2023"},"content":{"rendered":"\n<p>Comen\u00e7a el compte enrere per a la Lliga&nbsp;Climbat&nbsp;2023!<\/p>\n\n\n\n<p>Tot l&#8217;equip est\u00e0 treballant intensament perqu\u00e8 pugueu gaudir dels millors esdeveniments\u00a0Climbat\u00a0durant tot l&#8217;any. I tenim moltes novetats!<\/p>\n\n\n\n<p>Prepara l&#8217;agenda i guarda&#8217;t aquestes dates!<\/p>\n\n\n\n<ul>\n<li><strong>Climbat&nbsp;Kombat&nbsp;I&nbsp;Open&nbsp;Bloc&nbsp;Ciutat&nbsp;de Barcelona<\/strong>:&nbsp;CEM&nbsp;Climbat&nbsp;La&nbsp;Foixarda&nbsp;(BCN) &#8211; 22 d&#8217;abril<\/li>\n\n\n\n<li><strong>Summer&nbsp;Festival<\/strong>:&nbsp;Climbat&nbsp;X-Madrid, Avil\u00e9s&nbsp;ParqueAstur, Zaragoza La torre&nbsp;outlet&nbsp;i Barakaldo&nbsp;Megapark&nbsp;&#8211; 20 de maig<\/li>\n\n\n\n<li><strong>Winter&nbsp;Festival<\/strong>:&nbsp;CEM&nbsp;Climbat&nbsp;La&nbsp;Foixarda&nbsp;(BCN), X-Madrid, Avil\u00e9s&nbsp;ParqueAstur, Zaragoza La Torre&nbsp;Outlet&nbsp;i Barakaldo&nbsp;Megapark&nbsp;&#8211; 18 de novembre<\/li>\n<\/ul>\n\n\n\n<p>Qu\u00e8 \u00e9s el \u201cClimbat&nbsp;Kombat&nbsp;I&nbsp;Open&nbsp;Bloc&nbsp;Ciutat&nbsp;de Barcelona\u201d?<\/p>\n\n\n\n<p>El \u201cClimbat&nbsp;Kombat&nbsp;I&nbsp;Open&nbsp;Bloc&nbsp;Ciutat&nbsp;de Barcelona\u201d \u00e9s un <strong>esdeveniment especial<\/strong> que comptar\u00e0 amb un&nbsp;<strong>open&nbsp;de bloc obert<\/strong> a tots els p\u00fablics i una <strong>competici\u00f3 d&#8217;escalada de dificultat amb la pres\u00e8ncia de 8 escaladors i 8 escaladores m\u00e0ster<\/strong> que es batran en duel en les parets del&nbsp;CEM&nbsp;Climbat&nbsp;La&nbsp;Foixarda&nbsp;(BCN) i que <strong>s&#8217;emetr\u00e0 en directe per&nbsp;streaming<\/strong>.<\/p>\n\n\n\n<p>Continua atent als nostres canals de comunicaci\u00f3, aviat obrirem les inscripcions! 2023 ve carregat d&#8217;emocions, diversi\u00f3 i molta escalada!<\/p>\n","protected":false},"excerpt":{"rendered":"<p>Comen\u00e7a el compte enrere per a la Lliga&nbsp;Climbat&nbsp;2023! Tot l&#8217;equip est\u00e0 treballant intensament perqu\u00e8 pugueu gaudir dels millors esdeveniments\u00a0Climbat\u00a0durant tot l&#8217;any. I tenim moltes novetats! Prepara l&#8217;agenda i guarda&#8217;t aquestes dates! Qu\u00e8 \u00e9s el \u201cClimbat&nbsp;Kombat&nbsp;I&nbsp;Open&nbsp;Bloc&nbsp;Ciutat&nbsp;de Barcelona\u201d? El \u201cClimbat&nbsp;Kombat&nbsp;I&nbsp;Open&nbsp;Bloc&nbsp;Ciutat&nbsp;de Barcelona\u201d \u00e9s un esdeveniment especial que comptar\u00e0 amb un&nbsp;open&nbsp;de bloc obert a tots els p\u00fablics i una competici\u00f3 d&#8217;escalada de dificultat amb la pres\u00e8ncia de 8 escaladors i 8 escaladores m\u00e0ster que es batran en duel en les parets del&nbsp;CEM&nbsp;Climbat&nbsp;La&nbsp;Foixarda&nbsp;(BCN) i que s&#8217;emetr\u00e0 en directe per&nbsp;streaming. Continua atent als nostres canals de comunicaci\u00f3, aviat obrirem les inscripcions! 2023 ve carregat d&#8217;emocions, diversi\u00f3 i molta escalada!<\/p>\n","protected":false},"author":3,"featured_media":32658,"comment_status":"closed","ping_status":"open","sticky":false,"template":"","format":"standard","meta":{"footnotes":""},"categories":[61],"tags":[],"categoria_centro":[101],"acf":[],"yoast_head":"<!-- This site is optimized with the Yoast SEO plugin v22.5 - https:\/\/yoast.com\/wordpress\/plugins\/seo\/ -->\n<title>LLIGA 2023 - Inicio - Climbat | Climbing gyms<\/title>\n<meta name=\"robots\" content=\"index, follow, max-snippet:-1, max-image-preview:large, max-video-preview:-1\" \/>\n<link rel=\"canonical\" href=\"https:\/\/climbat.com\/ca\/lliga-2023\/\" \/>\n<meta property=\"og:locale\" content=\"en_US\" \/>\n<meta property=\"og:type\" content=\"article\" \/>\n<meta property=\"og:title\" content=\"LLIGA 2023 - Inicio - Climbat | Climbing gyms\" \/>\n<meta property=\"og:description\" content=\"Comen\u00e7a el compte enrere per a la Lliga&nbsp;Climbat&nbsp;2023! Tot l&#8217;equip est\u00e0 treballant intensament perqu\u00e8 pugueu gaudir dels millors esdeveniments\u00a0Climbat\u00a0durant tot l&#8217;any. I tenim moltes novetats! Prepara l&#8217;agenda i guarda&#8217;t aquestes dates! Qu\u00e8 \u00e9s el \u201cClimbat&nbsp;Kombat&nbsp;I&nbsp;Open&nbsp;Bloc&nbsp;Ciutat&nbsp;de Barcelona\u201d? El \u201cClimbat&nbsp;Kombat&nbsp;I&nbsp;Open&nbsp;Bloc&nbsp;Ciutat&nbsp;de Barcelona\u201d \u00e9s un esdeveniment especial que comptar\u00e0 amb un&nbsp;open&nbsp;de bloc obert a tots els p\u00fablics i una competici\u00f3 d&#8217;escalada de dificultat amb la pres\u00e8ncia de 8 escaladors i 8 escaladores m\u00e0ster que es batran en duel en les parets del&nbsp;CEM&nbsp;Climbat&nbsp;La&nbsp;Foixarda&nbsp;(BCN) i que s&#8217;emetr\u00e0 en directe per&nbsp;streaming. Continua atent als nostres canals de comunicaci\u00f3, aviat obrirem les inscripcions! 2023 ve carregat d&#8217;emocions, diversi\u00f3 i molta escalada!\" \/>\n<meta property=\"og:url\" content=\"https:\/\/climbat.com\/ca\/lliga-2023\/\" \/>\n<meta property=\"og:site_name\" content=\"Inicio - Climbat | Climbing gyms\" \/>\n<meta property=\"article:published_time\" content=\"2023-01-31T12:30:59+00:00\" \/>\n<meta property=\"article:modified_time\" content=\"2023-01-31T13:36:06+00:00\" \/>\n<meta property=\"og:image\" content=\"https:\/\/climbat.com\/wp-content\/uploads\/2023\/01\/lliga23cat-1.jpeg\" \/>\n\t<meta property=\"og:image:width\" content=\"1600\" \/>\n\t<meta property=\"og:image:height\" content=\"900\" \/>\n\t<meta property=\"og:image:type\" content=\"image\/jpeg\" \/>\n<meta name=\"author\" content=\"marketing\" \/>\n<meta name=\"twitter:card\" content=\"summary_large_image\" \/>\n<meta name=\"twitter:label1\" content=\"Written by\" \/>\n\t<meta name=\"twitter:data1\" content=\"marketing\" \/>\n\t<meta name=\"twitter:label2\" content=\"Est. reading time\" \/>\n\t<meta name=\"twitter:data2\" content=\"1 minute\" \/>\n<script type=\"application\/ld+json\" class=\"yoast-schema-graph\">{\"@context\":\"https:\/\/schema.org\",\"@graph\":[{\"@type\":\"WebPage\",\"@id\":\"https:\/\/climbat.com\/ca\/lliga-2023\/\",\"url\":\"https:\/\/climbat.com\/ca\/lliga-2023\/\",\"name\":\"LLIGA 2023 - Inicio - Climbat | Climbing gyms\",\"isPartOf\":{\"@id\":\"https:\/\/climbat.com\/#website\"},\"primaryImageOfPage\":{\"@id\":\"https:\/\/climbat.com\/ca\/lliga-2023\/#primaryimage\"},\"image\":{\"@id\":\"https:\/\/climbat.com\/ca\/lliga-2023\/#primaryimage\"},\"thumbnailUrl\":\"https:\/\/climbat.com\/wp-content\/uploads\/2023\/01\/lliga23cat-1.jpeg\",\"datePublished\":\"2023-01-31T12:30:59+00:00\",\"dateModified\":\"2023-01-31T13:36:06+00:00\",\"author\":{\"@id\":\"https:\/\/climbat.com\/#\/schema\/person\/c92ebe03b79afd91a71f7143c472e6be\"},\"breadcrumb\":{\"@id\":\"https:\/\/climbat.com\/ca\/lliga-2023\/#breadcrumb\"},\"inLanguage\":\"cat\",\"potentialAction\":[{\"@type\":\"ReadAction\",\"target\":[\"https:\/\/climbat.com\/ca\/lliga-2023\/\"]}]},{\"@type\":\"ImageObject\",\"inLanguage\":\"cat\",\"@id\":\"https:\/\/climbat.com\/ca\/lliga-2023\/#primaryimage\",\"url\":\"https:\/\/climbat.com\/wp-content\/uploads\/2023\/01\/lliga23cat-1.jpeg\",\"contentUrl\":\"https:\/\/climbat.com\/wp-content\/uploads\/2023\/01\/lliga23cat-1.jpeg\",\"width\":1600,\"height\":900},{\"@type\":\"BreadcrumbList\",\"@id\":\"https:\/\/climbat.com\/ca\/lliga-2023\/#breadcrumb\",\"itemListElement\":[{\"@type\":\"ListItem\",\"position\":1,\"name\":\"Portada\",\"item\":\"https:\/\/climbat.com\/ca\/\"},{\"@type\":\"ListItem\",\"position\":2,\"name\":\"LLIGA 2023\"}]},{\"@type\":\"WebSite\",\"@id\":\"https:\/\/climbat.com\/#website\",\"url\":\"https:\/\/climbat.com\/\",\"name\":\"Inicio - Climbat | Climbing gyms\",\"description\":\"Climbat es referente en el mundo de la escalada como operador de salas de escalada orientados a p\u00fablicos de todos los niveles\",\"potentialAction\":[{\"@type\":\"SearchAction\",\"target\":{\"@type\":\"EntryPoint\",\"urlTemplate\":\"https:\/\/climbat.com\/?s={search_term_string}\"},\"query-input\":\"required name=search_term_string\"}],\"inLanguage\":\"cat\"},{\"@type\":\"Person\",\"@id\":\"https:\/\/climbat.com\/#\/schema\/person\/c92ebe03b79afd91a71f7143c472e6be\",\"name\":\"marketing\",\"image\":{\"@type\":\"ImageObject\",\"inLanguage\":\"cat\",\"@id\":\"https:\/\/climbat.com\/#\/schema\/person\/image\/\",\"url\":\"https:\/\/secure.gravatar.com\/avatar\/6ef666864d6abb8bbb14b2f46feb4be3?s=96&d=mm&r=g\",\"contentUrl\":\"https:\/\/secure.gravatar.com\/avatar\/6ef666864d6abb8bbb14b2f46feb4be3?s=96&d=mm&r=g\",\"caption\":\"marketing\"}}]}<\/script>\n<!-- \/ Yoast SEO plugin. -->","yoast_head_json":{"title":"LLIGA 2023 - Inicio - Climbat | Climbing gyms","robots":{"index":"index","follow":"follow","max-snippet":"max-snippet:-1","max-image-preview":"max-image-preview:large","max-video-preview":"max-video-preview:-1"},"canonical":"https:\/\/climbat.com\/ca\/lliga-2023\/","og_locale":"en_US","og_type":"article","og_title":"LLIGA 2023 - Inicio - Climbat | Climbing gyms","og_description":"Comen\u00e7a el compte enrere per a la Lliga&nbsp;Climbat&nbsp;2023! Tot l&#8217;equip est\u00e0 treballant intensament perqu\u00e8 pugueu gaudir dels millors esdeveniments\u00a0Climbat\u00a0durant tot l&#8217;any. I tenim moltes novetats! Prepara l&#8217;agenda i guarda&#8217;t aquestes dates! Qu\u00e8 \u00e9s el \u201cClimbat&nbsp;Kombat&nbsp;I&nbsp;Open&nbsp;Bloc&nbsp;Ciutat&nbsp;de Barcelona\u201d? El \u201cClimbat&nbsp;Kombat&nbsp;I&nbsp;Open&nbsp;Bloc&nbsp;Ciutat&nbsp;de Barcelona\u201d \u00e9s un esdeveniment especial que comptar\u00e0 amb un&nbsp;open&nbsp;de bloc obert a tots els p\u00fablics i una competici\u00f3 d&#8217;escalada de dificultat amb la pres\u00e8ncia de 8 escaladors i 8 escaladores m\u00e0ster que es batran en duel en les parets del&nbsp;CEM&nbsp;Climbat&nbsp;La&nbsp;Foixarda&nbsp;(BCN) i que s&#8217;emetr\u00e0 en directe per&nbsp;streaming. Continua atent als nostres canals de comunicaci\u00f3, aviat obrirem les inscripcions! 2023 ve carregat d&#8217;emocions, diversi\u00f3 i molta escalada!","og_url":"https:\/\/climbat.com\/ca\/lliga-2023\/","og_site_name":"Inicio - Climbat | Climbing gyms","article_published_time":"2023-01-31T12:30:59+00:00","article_modified_time":"2023-01-31T13:36:06+00:00","og_image":[{"width":1600,"height":900,"url":"https:\/\/climbat.com\/wp-content\/uploads\/2023\/01\/lliga23cat-1.jpeg","type":"image\/jpeg"}],"author":"marketing","twitter_card":"summary_large_image","twitter_misc":{"Written by":"marketing","Est. reading time":"1 minute"},"schema":{"@context":"https:\/\/schema.org","@graph":[{"@type":"WebPage","@id":"https:\/\/climbat.com\/ca\/lliga-2023\/","url":"https:\/\/climbat.com\/ca\/lliga-2023\/","name":"LLIGA 2023 - Inicio - Climbat | Climbing gyms","isPartOf":{"@id":"https:\/\/climbat.com\/#website"},"primaryImageOfPage":{"@id":"https:\/\/climbat.com\/ca\/lliga-2023\/#primaryimage"},"image":{"@id":"https:\/\/climbat.com\/ca\/lliga-2023\/#primaryimage"},"thumbnailUrl":"https:\/\/climbat.com\/wp-content\/uploads\/2023\/01\/lliga23cat-1.jpeg","datePublished":"2023-01-31T12:30:59+00:00","dateModified":"2023-01-31T13:36:06+00:00","author":{"@id":"https:\/\/climbat.com\/#\/schema\/person\/c92ebe03b79afd91a71f7143c472e6be"},"breadcrumb":{"@id":"https:\/\/climbat.com\/ca\/lliga-2023\/#breadcrumb"},"inLanguage":"cat","potentialAction":[{"@type":"ReadAction","target":["https:\/\/climbat.com\/ca\/lliga-2023\/"]}]},{"@type":"ImageObject","inLanguage":"cat","@id":"https:\/\/climbat.com\/ca\/lliga-2023\/#primaryimage","url":"https:\/\/climbat.com\/wp-content\/uploads\/2023\/01\/lliga23cat-1.jpeg","contentUrl":"https:\/\/climbat.com\/wp-content\/uploads\/2023\/01\/lliga23cat-1.jpeg","width":1600,"height":900},{"@type":"BreadcrumbList","@id":"https:\/\/climbat.com\/ca\/lliga-2023\/#breadcrumb","itemListElement":[{"@type":"ListItem","position":1,"name":"Portada","item":"https:\/\/climbat.com\/ca\/"},{"@type":"ListItem","position":2,"name":"LLIGA 2023"}]},{"@type":"WebSite","@id":"https:\/\/climbat.com\/#website","url":"https:\/\/climbat.com\/","name":"Inicio - Climbat | Climbing gyms","description":"Climbat es referente en el mundo de la escalada como operador de salas de escalada orientados a p\u00fablicos de todos los niveles","potentialAction":[{"@type":"SearchAction","target":{"@type":"EntryPoint","urlTemplate":"https:\/\/climbat.com\/?s={search_term_string}"},"query-input":"required name=search_term_string"}],"inLanguage":"cat"},{"@type":"Person","@id":"https:\/\/climbat.com\/#\/schema\/person\/c92ebe03b79afd91a71f7143c472e6be","name":"marketing","image":{"@type":"ImageObject","inLanguage":"cat","@id":"https:\/\/climbat.com\/#\/schema\/person\/image\/","url":"https:\/\/secure.gravatar.com\/avatar\/6ef666864d6abb8bbb14b2f46feb4be3?s=96&d=mm&r=g","contentUrl":"https:\/\/secure.gravatar.com\/avatar\/6ef666864d6abb8bbb14b2f46feb4be3?s=96&d=mm&r=g","caption":"marketing"}}]}},"_links":{"self":[{"href":"https:\/\/climbat.com\/ca\/wp-json\/wp\/v2\/posts\/32657"}],"collection":[{"href":"https:\/\/climbat.com\/ca\/wp-json\/wp\/v2\/posts"}],"about":[{"href":"https:\/\/climbat.com\/ca\/wp-json\/wp\/v2\/types\/post"}],"author":[{"embeddable":true,"href":"https:\/\/climbat.com\/ca\/wp-json\/wp\/v2\/users\/3"}],"replies":[{"embeddable":true,"href":"https:\/\/climbat.com\/ca\/wp-json\/wp\/v2\/comments?post=32657"}],"version-history":[{"count":0,"href":"https:\/\/climbat.com\/ca\/wp-json\/wp\/v2\/posts\/32657\/revisions"}],"wp:featuredmedia":[{"embeddable":true,"href":"https:\/\/climbat.com\/ca\/wp-json\/wp\/v2\/media\/32658"}],"wp:attachment":[{"href":"https:\/\/climbat.com\/ca\/wp-json\/wp\/v2\/media?parent=32657"}],"wp:term":[{"taxonomy":"category","embeddable":true,"href":"https:\/\/climbat.com\/ca\/wp-json\/wp\/v2\/categories?post=32657"},{"taxonomy":"post_tag","embeddable":true,"href":"https:\/\/climbat.com\/ca\/wp-json\/wp\/v2\/tags?post=32657"},{"taxonomy":"categoria_centro","embeddable":true,"href":"https:\/\/climbat.com\/ca\/wp-json\/wp\/v2\/categoria_centro?post=32657"}],"curies":[{"name":"wp","href":"https:\/\/api.w.org\/{rel}","templated":true}]}}