{"id":30411,"date":"2022-09-25T10:15:00","date_gmt":"2022-09-25T10:15:00","guid":{"rendered":"https:\/\/climbat.com\/?p=30411"},"modified":"2022-09-22T10:15:49","modified_gmt":"2022-09-22T10:15:49","slug":"taller-del-roco-a-la-roca-lfx-oct","status":"publish","type":"post","link":"https:\/\/climbat.com\/ca\/taller-del-roco-a-la-roca-lfx-oct\/","title":{"rendered":"TALLER DEL ROCO A LA ROCA"},"content":{"rendered":"\n<p>Vols posar en pr\u00e0ctica tots els teus coneixements ara, al medi natural?<\/p>\n\n\n\n<p>En aquest taller refor\u00e7ar\u00e0s i aprendr\u00e0s nous coneixements de la m\u00e0 dels nostres t\u00e8cnics principalment en zones d&#8217;escalada de la prov\u00edncia de Barcelona. &#8220;Del roco a la roca&#8221; \u00e9s una oportunitat \u00fanica per provar l&#8217;escalada en roca despr\u00e9s d&#8217;haver practicat al roc\u00f2drom.<\/p>\n\n\n\n<ul><li><strong>Data:<\/strong>&nbsp;23 d&#8217;octubre<\/li><li><strong>Durada:&nbsp;<\/strong>De 9:00h a 16:00h<\/li><li><strong>Preu:&nbsp;<\/strong>55 \u20ac<\/li><li><strong>Inclou:&nbsp;<\/strong>Un t\u00e8cnic esportiu d\u2019escalada nivell 2 i cordes i dispositius de seguretat. Est\u00e0 dirigit als integrants del curs d&#8217;iniciaci\u00f3, base o grups d&#8217;escalada en primera inst\u00e0ncia. Podent-inscriure, sempre que hi hagi places, socis de Climbat i no socis per aquest ordre de prefer\u00e8ncia.<\/li><li><strong>Requisits:&nbsp;<\/strong>Haver realitzat, almenys, el curs d&#8217;iniciaci\u00f3 o acreditar experi\u00e8ncia fent servir gri-gri i cordes.&nbsp;<\/li><\/ul>\n\n\n\n<p>Si no s\u2019ha realitzat cap curs i existeix l\u2019opci\u00f3 d\u2019inscriure\u2019s a la sortida per disponibilitat de places lliures i s\u2019haur\u00e0 d\u2019acreditar el nivell d\u2019escalada a trav\u00e9s de la realitzaci\u00f3 de classes personalitzades amb algun t\u00e8cnic o t\u00e8cnica de Climbat.<\/p>\n\n\n\n<p><strong>Vols m\u00e9s informaci\u00f3?<\/strong><br>Contacta amb nosaltres a trav\u00e9s de&nbsp;<a href=\"mailto:lafoixarda@climbat.com?subject=ROCO%20ROCA\">lafoixarda@climbat.com<\/a>&nbsp;o trucant al tel\u00e8fon&nbsp;<strong>+34 93 292 54 80.<\/strong><\/p>\n\n\n\n<p>Fes de l&#8217;escalada el teu esport!<\/p>\n","protected":false},"excerpt":{"rendered":"<p>Vols posar en pr\u00e0ctica tots els teus coneixements ara, al medi natural? En aquest taller refor\u00e7ar\u00e0s i aprendr\u00e0s nous coneixements de la m\u00e0 dels nostres t\u00e8cnics principalment en zones d&#8217;escalada de la prov\u00edncia de Barcelona. &#8220;Del roco a la roca&#8221; \u00e9s una oportunitat \u00fanica per provar l&#8217;escalada en roca despr\u00e9s d&#8217;haver practicat al roc\u00f2drom. Data:&nbsp;23 d&#8217;octubre Durada:&nbsp;De 9:00h a 16:00h Preu:&nbsp;55 \u20ac Inclou:&nbsp;Un t\u00e8cnic esportiu d\u2019escalada nivell 2 i cordes i dispositius de seguretat. Est\u00e0 dirigit als integrants del curs d&#8217;iniciaci\u00f3, base o grups d&#8217;escalada en primera inst\u00e0ncia. Podent-inscriure, sempre que hi hagi places, socis de Climbat i no socis per aquest ordre de prefer\u00e8ncia. Requisits:&nbsp;Haver realitzat, almenys, el curs d&#8217;iniciaci\u00f3 o acreditar experi\u00e8ncia fent servir gri-gri i cordes.&nbsp; Si no s\u2019ha realitzat cap curs i existeix l\u2019opci\u00f3 d\u2019inscriure\u2019s a la sortida per disponibilitat de places lliures i s\u2019haur\u00e0 d\u2019acreditar el nivell d\u2019escalada a trav\u00e9s de la realitzaci\u00f3 de classes personalitzades amb algun t\u00e8cnic o t\u00e8cnica de Climbat. Vols m\u00e9s informaci\u00f3?Contacta amb nosaltres a trav\u00e9s de&nbsp;lafoixarda@climbat.com&nbsp;o trucant al tel\u00e8fon&nbsp;+34 93 292 54 80. Fes de l&#8217;escalada el teu esport!<\/p>\n","protected":false},"author":3,"featured_media":30412,"comment_status":"closed","ping_status":"open","sticky":false,"template":"","format":"standard","meta":{"footnotes":""},"categories":[61],"tags":[],"categoria_centro":[101],"acf":[],"yoast_head":"<!-- This site is optimized with the Yoast SEO plugin v22.5 - https:\/\/yoast.com\/wordpress\/plugins\/seo\/ -->\n<title>TALLER DEL ROCO A LA ROCA - Inicio - Climbat | Climbing gyms<\/title>\n<meta name=\"robots\" content=\"index, follow, max-snippet:-1, max-image-preview:large, max-video-preview:-1\" \/>\n<link rel=\"canonical\" href=\"https:\/\/climbat.com\/ca\/taller-del-roco-a-la-roca-lfx-oct\/\" \/>\n<meta property=\"og:locale\" content=\"en_US\" \/>\n<meta property=\"og:type\" content=\"article\" \/>\n<meta property=\"og:title\" content=\"TALLER DEL ROCO A LA ROCA - Inicio - Climbat | Climbing gyms\" \/>\n<meta property=\"og:description\" content=\"Vols posar en pr\u00e0ctica tots els teus coneixements ara, al medi natural? En aquest taller refor\u00e7ar\u00e0s i aprendr\u00e0s nous coneixements de la m\u00e0 dels nostres t\u00e8cnics principalment en zones d&#8217;escalada de la prov\u00edncia de Barcelona. &#8220;Del roco a la roca&#8221; \u00e9s una oportunitat \u00fanica per provar l&#8217;escalada en roca despr\u00e9s d&#8217;haver practicat al roc\u00f2drom. Data:&nbsp;23 d&#8217;octubre Durada:&nbsp;De 9:00h a 16:00h Preu:&nbsp;55 \u20ac Inclou:&nbsp;Un t\u00e8cnic esportiu d\u2019escalada nivell 2 i cordes i dispositius de seguretat. Est\u00e0 dirigit als integrants del curs d&#8217;iniciaci\u00f3, base o grups d&#8217;escalada en primera inst\u00e0ncia. Podent-inscriure, sempre que hi hagi places, socis de Climbat i no socis per aquest ordre de prefer\u00e8ncia. Requisits:&nbsp;Haver realitzat, almenys, el curs d&#8217;iniciaci\u00f3 o acreditar experi\u00e8ncia fent servir gri-gri i cordes.&nbsp; Si no s\u2019ha realitzat cap curs i existeix l\u2019opci\u00f3 d\u2019inscriure\u2019s a la sortida per disponibilitat de places lliures i s\u2019haur\u00e0 d\u2019acreditar el nivell d\u2019escalada a trav\u00e9s de la realitzaci\u00f3 de classes personalitzades amb algun t\u00e8cnic o t\u00e8cnica de Climbat. Vols m\u00e9s informaci\u00f3?Contacta amb nosaltres a trav\u00e9s de&nbsp;lafoixarda@climbat.com&nbsp;o trucant al tel\u00e8fon&nbsp;+34 93 292 54 80. Fes de l&#8217;escalada el teu esport!\" \/>\n<meta property=\"og:url\" content=\"https:\/\/climbat.com\/ca\/taller-del-roco-a-la-roca-lfx-oct\/\" \/>\n<meta property=\"og:site_name\" content=\"Inicio - Climbat | Climbing gyms\" \/>\n<meta property=\"article:published_time\" content=\"2022-09-25T10:15:00+00:00\" \/>\n<meta property=\"article:modified_time\" content=\"2022-09-22T10:15:49+00:00\" \/>\n<meta property=\"og:image\" content=\"https:\/\/climbat.com\/wp-content\/uploads\/2022\/09\/TV_DEL-ROCO-A-LA-ROCA_CAT-copia.jpg\" \/>\n\t<meta property=\"og:image:width\" content=\"1920\" \/>\n\t<meta property=\"og:image:height\" content=\"1135\" \/>\n\t<meta property=\"og:image:type\" content=\"image\/jpeg\" \/>\n<meta name=\"author\" content=\"marketing\" \/>\n<meta name=\"twitter:card\" content=\"summary_large_image\" \/>\n<meta name=\"twitter:label1\" content=\"Written by\" \/>\n\t<meta name=\"twitter:data1\" content=\"marketing\" \/>\n\t<meta name=\"twitter:label2\" content=\"Est. reading time\" \/>\n\t<meta name=\"twitter:data2\" content=\"1 minute\" \/>\n<script type=\"application\/ld+json\" class=\"yoast-schema-graph\">{\"@context\":\"https:\/\/schema.org\",\"@graph\":[{\"@type\":\"WebPage\",\"@id\":\"https:\/\/climbat.com\/ca\/taller-del-roco-a-la-roca-lfx-oct\/\",\"url\":\"https:\/\/climbat.com\/ca\/taller-del-roco-a-la-roca-lfx-oct\/\",\"name\":\"TALLER DEL ROCO A LA ROCA - Inicio - Climbat | Climbing gyms\",\"isPartOf\":{\"@id\":\"https:\/\/climbat.com\/#website\"},\"primaryImageOfPage\":{\"@id\":\"https:\/\/climbat.com\/ca\/taller-del-roco-a-la-roca-lfx-oct\/#primaryimage\"},\"image\":{\"@id\":\"https:\/\/climbat.com\/ca\/taller-del-roco-a-la-roca-lfx-oct\/#primaryimage\"},\"thumbnailUrl\":\"https:\/\/climbat.com\/wp-content\/uploads\/2022\/09\/TV_DEL-ROCO-A-LA-ROCA_CAT-copia.jpg\",\"datePublished\":\"2022-09-25T10:15:00+00:00\",\"dateModified\":\"2022-09-22T10:15:49+00:00\",\"author\":{\"@id\":\"https:\/\/climbat.com\/#\/schema\/person\/c92ebe03b79afd91a71f7143c472e6be\"},\"breadcrumb\":{\"@id\":\"https:\/\/climbat.com\/ca\/taller-del-roco-a-la-roca-lfx-oct\/#breadcrumb\"},\"inLanguage\":\"cat\",\"potentialAction\":[{\"@type\":\"ReadAction\",\"target\":[\"https:\/\/climbat.com\/ca\/taller-del-roco-a-la-roca-lfx-oct\/\"]}]},{\"@type\":\"ImageObject\",\"inLanguage\":\"cat\",\"@id\":\"https:\/\/climbat.com\/ca\/taller-del-roco-a-la-roca-lfx-oct\/#primaryimage\",\"url\":\"https:\/\/climbat.com\/wp-content\/uploads\/2022\/09\/TV_DEL-ROCO-A-LA-ROCA_CAT-copia.jpg\",\"contentUrl\":\"https:\/\/climbat.com\/wp-content\/uploads\/2022\/09\/TV_DEL-ROCO-A-LA-ROCA_CAT-copia.jpg\",\"width\":1920,\"height\":1135},{\"@type\":\"BreadcrumbList\",\"@id\":\"https:\/\/climbat.com\/ca\/taller-del-roco-a-la-roca-lfx-oct\/#breadcrumb\",\"itemListElement\":[{\"@type\":\"ListItem\",\"position\":1,\"name\":\"Portada\",\"item\":\"https:\/\/climbat.com\/ca\/\"},{\"@type\":\"ListItem\",\"position\":2,\"name\":\"TALLER DEL ROCO A LA ROCA\"}]},{\"@type\":\"WebSite\",\"@id\":\"https:\/\/climbat.com\/#website\",\"url\":\"https:\/\/climbat.com\/\",\"name\":\"Inicio - Climbat | Climbing gyms\",\"description\":\"Climbat es referente en el mundo de la escalada como operador de salas de escalada orientados a p\u00fablicos de todos los niveles\",\"potentialAction\":[{\"@type\":\"SearchAction\",\"target\":{\"@type\":\"EntryPoint\",\"urlTemplate\":\"https:\/\/climbat.com\/?s={search_term_string}\"},\"query-input\":\"required name=search_term_string\"}],\"inLanguage\":\"cat\"},{\"@type\":\"Person\",\"@id\":\"https:\/\/climbat.com\/#\/schema\/person\/c92ebe03b79afd91a71f7143c472e6be\",\"name\":\"marketing\",\"image\":{\"@type\":\"ImageObject\",\"inLanguage\":\"cat\",\"@id\":\"https:\/\/climbat.com\/#\/schema\/person\/image\/\",\"url\":\"https:\/\/secure.gravatar.com\/avatar\/6ef666864d6abb8bbb14b2f46feb4be3?s=96&d=mm&r=g\",\"contentUrl\":\"https:\/\/secure.gravatar.com\/avatar\/6ef666864d6abb8bbb14b2f46feb4be3?s=96&d=mm&r=g\",\"caption\":\"marketing\"}}]}<\/script>\n<!-- \/ Yoast SEO plugin. -->","yoast_head_json":{"title":"TALLER DEL ROCO A LA ROCA - Inicio - Climbat | Climbing gyms","robots":{"index":"index","follow":"follow","max-snippet":"max-snippet:-1","max-image-preview":"max-image-preview:large","max-video-preview":"max-video-preview:-1"},"canonical":"https:\/\/climbat.com\/ca\/taller-del-roco-a-la-roca-lfx-oct\/","og_locale":"en_US","og_type":"article","og_title":"TALLER DEL ROCO A LA ROCA - Inicio - Climbat | Climbing gyms","og_description":"Vols posar en pr\u00e0ctica tots els teus coneixements ara, al medi natural? En aquest taller refor\u00e7ar\u00e0s i aprendr\u00e0s nous coneixements de la m\u00e0 dels nostres t\u00e8cnics principalment en zones d&#8217;escalada de la prov\u00edncia de Barcelona. &#8220;Del roco a la roca&#8221; \u00e9s una oportunitat \u00fanica per provar l&#8217;escalada en roca despr\u00e9s d&#8217;haver practicat al roc\u00f2drom. Data:&nbsp;23 d&#8217;octubre Durada:&nbsp;De 9:00h a 16:00h Preu:&nbsp;55 \u20ac Inclou:&nbsp;Un t\u00e8cnic esportiu d\u2019escalada nivell 2 i cordes i dispositius de seguretat. Est\u00e0 dirigit als integrants del curs d&#8217;iniciaci\u00f3, base o grups d&#8217;escalada en primera inst\u00e0ncia. Podent-inscriure, sempre que hi hagi places, socis de Climbat i no socis per aquest ordre de prefer\u00e8ncia. Requisits:&nbsp;Haver realitzat, almenys, el curs d&#8217;iniciaci\u00f3 o acreditar experi\u00e8ncia fent servir gri-gri i cordes.&nbsp; Si no s\u2019ha realitzat cap curs i existeix l\u2019opci\u00f3 d\u2019inscriure\u2019s a la sortida per disponibilitat de places lliures i s\u2019haur\u00e0 d\u2019acreditar el nivell d\u2019escalada a trav\u00e9s de la realitzaci\u00f3 de classes personalitzades amb algun t\u00e8cnic o t\u00e8cnica de Climbat. Vols m\u00e9s informaci\u00f3?Contacta amb nosaltres a trav\u00e9s de&nbsp;lafoixarda@climbat.com&nbsp;o trucant al tel\u00e8fon&nbsp;+34 93 292 54 80. Fes de l&#8217;escalada el teu esport!","og_url":"https:\/\/climbat.com\/ca\/taller-del-roco-a-la-roca-lfx-oct\/","og_site_name":"Inicio - Climbat | Climbing gyms","article_published_time":"2022-09-25T10:15:00+00:00","article_modified_time":"2022-09-22T10:15:49+00:00","og_image":[{"width":1920,"height":1135,"url":"https:\/\/climbat.com\/wp-content\/uploads\/2022\/09\/TV_DEL-ROCO-A-LA-ROCA_CAT-copia.jpg","type":"image\/jpeg"}],"author":"marketing","twitter_card":"summary_large_image","twitter_misc":{"Written by":"marketing","Est. reading time":"1 minute"},"schema":{"@context":"https:\/\/schema.org","@graph":[{"@type":"WebPage","@id":"https:\/\/climbat.com\/ca\/taller-del-roco-a-la-roca-lfx-oct\/","url":"https:\/\/climbat.com\/ca\/taller-del-roco-a-la-roca-lfx-oct\/","name":"TALLER DEL ROCO A LA ROCA - Inicio - Climbat | Climbing gyms","isPartOf":{"@id":"https:\/\/climbat.com\/#website"},"primaryImageOfPage":{"@id":"https:\/\/climbat.com\/ca\/taller-del-roco-a-la-roca-lfx-oct\/#primaryimage"},"image":{"@id":"https:\/\/climbat.com\/ca\/taller-del-roco-a-la-roca-lfx-oct\/#primaryimage"},"thumbnailUrl":"https:\/\/climbat.com\/wp-content\/uploads\/2022\/09\/TV_DEL-ROCO-A-LA-ROCA_CAT-copia.jpg","datePublished":"2022-09-25T10:15:00+00:00","dateModified":"2022-09-22T10:15:49+00:00","author":{"@id":"https:\/\/climbat.com\/#\/schema\/person\/c92ebe03b79afd91a71f7143c472e6be"},"breadcrumb":{"@id":"https:\/\/climbat.com\/ca\/taller-del-roco-a-la-roca-lfx-oct\/#breadcrumb"},"inLanguage":"cat","potentialAction":[{"@type":"ReadAction","target":["https:\/\/climbat.com\/ca\/taller-del-roco-a-la-roca-lfx-oct\/"]}]},{"@type":"ImageObject","inLanguage":"cat","@id":"https:\/\/climbat.com\/ca\/taller-del-roco-a-la-roca-lfx-oct\/#primaryimage","url":"https:\/\/climbat.com\/wp-content\/uploads\/2022\/09\/TV_DEL-ROCO-A-LA-ROCA_CAT-copia.jpg","contentUrl":"https:\/\/climbat.com\/wp-content\/uploads\/2022\/09\/TV_DEL-ROCO-A-LA-ROCA_CAT-copia.jpg","width":1920,"height":1135},{"@type":"BreadcrumbList","@id":"https:\/\/climbat.com\/ca\/taller-del-roco-a-la-roca-lfx-oct\/#breadcrumb","itemListElement":[{"@type":"ListItem","position":1,"name":"Portada","item":"https:\/\/climbat.com\/ca\/"},{"@type":"ListItem","position":2,"name":"TALLER DEL ROCO A LA ROCA"}]},{"@type":"WebSite","@id":"https:\/\/climbat.com\/#website","url":"https:\/\/climbat.com\/","name":"Inicio - Climbat | Climbing gyms","description":"Climbat es referente en el mundo de la escalada como operador de salas de escalada orientados a p\u00fablicos de todos los niveles","potentialAction":[{"@type":"SearchAction","target":{"@type":"EntryPoint","urlTemplate":"https:\/\/climbat.com\/?s={search_term_string}"},"query-input":"required name=search_term_string"}],"inLanguage":"cat"},{"@type":"Person","@id":"https:\/\/climbat.com\/#\/schema\/person\/c92ebe03b79afd91a71f7143c472e6be","name":"marketing","image":{"@type":"ImageObject","inLanguage":"cat","@id":"https:\/\/climbat.com\/#\/schema\/person\/image\/","url":"https:\/\/secure.gravatar.com\/avatar\/6ef666864d6abb8bbb14b2f46feb4be3?s=96&d=mm&r=g","contentUrl":"https:\/\/secure.gravatar.com\/avatar\/6ef666864d6abb8bbb14b2f46feb4be3?s=96&d=mm&r=g","caption":"marketing"}}]}},"_links":{"self":[{"href":"https:\/\/climbat.com\/ca\/wp-json\/wp\/v2\/posts\/30411"}],"collection":[{"href":"https:\/\/climbat.com\/ca\/wp-json\/wp\/v2\/posts"}],"about":[{"href":"https:\/\/climbat.com\/ca\/wp-json\/wp\/v2\/types\/post"}],"author":[{"embeddable":true,"href":"https:\/\/climbat.com\/ca\/wp-json\/wp\/v2\/users\/3"}],"replies":[{"embeddable":true,"href":"https:\/\/climbat.com\/ca\/wp-json\/wp\/v2\/comments?post=30411"}],"version-history":[{"count":0,"href":"https:\/\/climbat.com\/ca\/wp-json\/wp\/v2\/posts\/30411\/revisions"}],"wp:featuredmedia":[{"embeddable":true,"href":"https:\/\/climbat.com\/ca\/wp-json\/wp\/v2\/media\/30412"}],"wp:attachment":[{"href":"https:\/\/climbat.com\/ca\/wp-json\/wp\/v2\/media?parent=30411"}],"wp:term":[{"taxonomy":"category","embeddable":true,"href":"https:\/\/climbat.com\/ca\/wp-json\/wp\/v2\/categories?post=30411"},{"taxonomy":"post_tag","embeddable":true,"href":"https:\/\/climbat.com\/ca\/wp-json\/wp\/v2\/tags?post=30411"},{"taxonomy":"categoria_centro","embeddable":true,"href":"https:\/\/climbat.com\/ca\/wp-json\/wp\/v2\/categoria_centro?post=30411"}],"curies":[{"name":"wp","href":"https:\/\/api.w.org\/{rel}","templated":true}]}}